{"id":118645,"date":"2025-10-20T11:08:09","date_gmt":"2025-10-20T11:08:09","guid":{"rendered":"https:\/\/www.europesays.com\/pt\/118645\/"},"modified":"2025-10-20T11:08:09","modified_gmt":"2025-10-20T11:08:09","slug":"novo-bug-no-windows-11-trava-teclado-e-mouse-apos-atualizacao-de-outubro","status":"publish","type":"post","link":"https:\/\/www.europesays.com\/pt\/118645\/","title":{"rendered":"Novo bug no Windows 11 trava teclado e mouse ap\u00f3s atualiza\u00e7\u00e3o de outubro"},"content":{"rendered":"<p>Um novo bug no <strong>Windows 11<\/strong> est\u00e1 dando dor de cabe\u00e7a a muita gente. Ap\u00f3s a atualiza\u00e7\u00e3o de outubro (KB5066835), usu\u00e1rios come\u00e7aram a relatar que o teclado e o <a class=\"lib tg-lib\" href=\"https:\/\/www.oficinadanet.com.br\/hardware\/24862-melhores-mouses-gamers\" rel=\"nofollow noopener\" target=\"_blank\">mouse<\/a> simplesmente pararam de funcionar dentro do <strong>Ambiente de Recupera\u00e7\u00e3o do Windows (Windows RE)<\/strong>, uma plataforma de recupera\u00e7\u00e3o que ajuda a reparar problemas comuns que impedem o sistema operacional de iniciar.<\/p>\n<p>O que est\u00e1 acontecendo?<\/p>\n<p>O problema foi confirmado pela pr\u00f3pria <strong>Microsoft<\/strong>, que j\u00e1 reconheceu a falha e prometeu uma corre\u00e7\u00e3o &#8220;nos pr\u00f3ximos dias&#8221;. Quem est\u00e1 enfrentando o problema relata que o Windows funciona normalmente, e que o defeito aparece assim que o computador entra no ambiente de recupera\u00e7\u00e3o, impedindo qualquer tipo de intera\u00e7\u00e3o. Ou seja, se o seu PC n\u00e3o inicializar e voc\u00ea precisar do modo de recupera\u00e7\u00e3o, n\u00e3o conseguir\u00e1 usar o teclado nem o mouse para tentar resolver o problema.<\/p>\n<p>            &#13;<br \/>\n                    &#13;<br \/>\n                        &#13;<br \/>\n                        &#13;<br \/>\n                        &#13;<br \/>\n                        &#13;<br \/>\n                        <img decoding=\"async\" loading=\"lazy\" width=\"330\" height=\"186\" src=\"https:\/\/www.europesays.com\/pt\/wp-content\/uploads\/2025\/10\/windows-ambiente-de-recuperacao.jpg\"  alt=\"Atualiza\u00e7\u00e3o do Windows 11 trava teclado e mouse no modo de recupera\u00e7\u00e3o. Imagem: Reprodu\u00e7\u00e3o\" title=\"Atualiza\u00e7\u00e3o do Windows 11 trava teclado e mouse no modo de recupera\u00e7\u00e3o. Imagem: Reprodu\u00e7\u00e3o\"\/>&#13;<br \/>\n                    Atualiza\u00e7\u00e3o do <a class=\"lib tg-lib\" href=\"https:\/\/www.oficinadanet.com.br\/windows11\" rel=\"nofollow noopener\" target=\"_blank\">Windows 11<\/a> trava teclado e mouse no modo de recupera\u00e7\u00e3o. Imagem: Reprodu\u00e7\u00e3o&#13;<\/p>\n<p>Curiosamente, <a class=\"lib tg-lib\" href=\"https:\/\/www.oficinadanet.com.br\/hardware\/24860-melhores-teclados-mecanicos\" rel=\"nofollow noopener\" target=\"_blank\">teclados<\/a> e mouses antigos com conex\u00e3o <strong>PS\/2<\/strong> n\u00e3o s\u00e3o afetados, apenas os perif\u00e9ricos mais modernos com <strong>USB<\/strong> que deixam de responder. Isso faz com que muitos usu\u00e1rios fiquem literalmente &#8220;presos&#8221; no modo de recupera\u00e7\u00e3o, sem poder selecionar nenhuma op\u00e7\u00e3o.<\/p>\n<p>O bug est\u00e1 presente nas vers\u00f5es <strong>Windows 11 25H2, 24H2 e tamb\u00e9m no Windows Server<\/strong>, e se soma a outros erros recentes do sistema. A mesma atualiza\u00e7\u00e3o KB5066835 j\u00e1 havia exigido um patch de emerg\u00eancia depois de causar falhas nas conex\u00f5es locais, impedindo alguns desenvolvedores de acessar seus pr\u00f3prios computadores.<\/p>\n<p>Microsoft prometeu corrigir o problema<\/p>\n<p>Por enquanto, a recomenda\u00e7\u00e3o \u00e9 aguardar a corre\u00e7\u00e3o oficial. A Microsoft afirmou que est\u00e1 ciente do problema e que vai divulgar novas informa\u00e7\u00f5es em breve, seja apresentando uma solu\u00e7\u00e3o temor\u00e1ria ou uma atualiza\u00e7\u00e3o com a corre\u00e7\u00e3o definitiva.<\/p>\n<p>At\u00e9 l\u00e1, quem depender de recuperar seu sistema operacional pelo Windows RE, deve ter cuidado redobrado ou, se poss\u00edvel, recorrer a um teclado PS\/2 para emerg\u00eancias.<\/p>\n<p>Windows 10 chega ao fim do suporte<\/p>\n<p>            &#13;<br \/>\n                    &#13;<br \/>\n                        &#13;<br \/>\n                        &#13;<br \/>\n                        &#13;<br \/>\n                        &#13;<br \/>\n                        <img decoding=\"async\" loading=\"lazy\" width=\"330\" height=\"186\" src=\"https:\/\/www.europesays.com\/pt\/wp-content\/uploads\/2025\/10\/adeus-windows-10-microsoft-encerra-de-vez-o-suporte-nesta-terca-14.jpg\"  alt=\"Windows 10 chega ao fim do suporte\" title=\"Windows 10 chega ao fim do suporte\"\/>&#13;<br \/>\n                    Windows 10 chega ao fim do suporte&#13;<\/p>\n<p>Mais de quatro anos ap\u00f3s o lan\u00e7amento do <strong>Windows 11<\/strong>, chegou a hora de o <strong>Windows 10<\/strong> se despedir. <a class=\"tg-link-manual\" href=\"https:\/\/www.oficinadanet.com.br\/windows\/65107-windows-10-fim-do-suporte-microsoft\" rel=\"nofollow noopener\" target=\"_blank\">A <strong>Microsoft <\/strong>encerrou oficialmente o suporte ao sistema na ter\u00e7a-feira (14)<\/a>, marcando o fim de uma era que come\u00e7ou em 2015 e ainda conta com milh\u00f5es de usu\u00e1rios no mundo todo. A partir de agora, o sistema deixa de receber atualiza\u00e7\u00f5es, corre\u00e7\u00f5es de seguran\u00e7a e suporte t\u00e9cnico da Microsoft.<\/p>\n<p>Com o fim do suporte, o Windows 10 n\u00e3o receber\u00e1 mais patches de seguran\u00e7a nem melhorias de desempenho. Isso significa que falhas descobertas daqui para frente n\u00e3o ser\u00e3o corrigidas pela Microsoft.<\/p>\n<p>Para quem possui um computador compat\u00edvel, <a class=\"tg-link-manual\" href=\"https:\/\/www.oficinadanet.com.br\/noticias\/63231-windows-11-24h2-mais-confiavel-microsof\" rel=\"nofollow noopener\" target=\"_blank\">a empresa recomenda atualizar gratuitamente para o Windows 11<\/a>, lan\u00e7ado em 2021 com melhorias visuais, desempenho otimizado e integra\u00e7\u00e3o mais profunda com a nuvem.<\/p>\n<p>J\u00e1 quem tem PCs que n\u00e3o atendem aos requisitos m\u00ednimos do <a class=\"tg-link-manual\" href=\"https:\/\/www.oficinadanet.com.br\/windows11\" rel=\"nofollow noopener\" target=\"_blank\">Windows 11<\/a> (como processador recente, <a class=\"tg-link-manual\" href=\"https:\/\/www.oficinadanet.com.br\/windows\/61226-tpm-2-0-requisito-windows-11-porque\" rel=\"nofollow noopener\" target=\"_blank\">TPM 2.0<\/a> e boot seguro) ainda pode recorrer a uma alternativa: o <strong>programa de Atualiza\u00e7\u00f5es de Seguran\u00e7a Estendidas (ESU)<\/strong>.<\/p>\n<p><a href=\"https:\/\/www.tomshardware.com\/software\/windows\/windows-11s-october-update-just-broke-the-windows-recovery-environment-usb-keyboards-and-mice-unusable-in-windows-re-after-latest-bug-hits\" class=\"tg-link-manual\" rel=\"nofollow  noopener\" target=\"_blank\">Via<\/a><\/p>\n","protected":false},"excerpt":{"rendered":"Um novo bug no Windows 11 est\u00e1 dando dor de cabe\u00e7a a muita gente. Ap\u00f3s a atualiza\u00e7\u00e3o de&hellip;\n","protected":false},"author":2,"featured_media":118646,"comment_status":"","ping_status":"","sticky":false,"template":"","format":"standard","meta":{"footnotes":""},"categories":[84],"tags":[11179,109,107,108,27628,906,13,3629,32,33,105,103,104,8511,106,110,2540,10908],"class_list":{"0":"post-118645","1":"post","2":"type-post","3":"status-publish","4":"format-standard","5":"has-post-thumbnail","7":"category-ciencia-e-tecnologia","8":"tag-bug","9":"tag-ciencia","10":"tag-ciencia-e-tecnologia","11":"tag-cienciaetecnologia","12":"tag-kb5066835","13":"tag-microsoft","14":"tag-noticias","15":"tag-pc","16":"tag-portugal","17":"tag-pt","18":"tag-science","19":"tag-science-and-technology","20":"tag-scienceandtechnology","21":"tag-sistemas_operacionais","22":"tag-technology","23":"tag-tecnologia","24":"tag-windows","25":"tag-windows11"},"share_on_mastodon":{"url":"https:\/\/pubeurope.com\/@pt\/115406183228757097","error":""},"_links":{"self":[{"href":"https:\/\/www.europesays.com\/pt\/wp-json\/wp\/v2\/posts\/118645","targetHints":{"allow":["GET"]}}],"collection":[{"href":"https:\/\/www.europesays.com\/pt\/wp-json\/wp\/v2\/posts"}],"about":[{"href":"https:\/\/www.europesays.com\/pt\/wp-json\/wp\/v2\/types\/post"}],"author":[{"embeddable":true,"href":"https:\/\/www.europesays.com\/pt\/wp-json\/wp\/v2\/users\/2"}],"replies":[{"embeddable":true,"href":"https:\/\/www.europesays.com\/pt\/wp-json\/wp\/v2\/comments?post=118645"}],"version-history":[{"count":0,"href":"https:\/\/www.europesays.com\/pt\/wp-json\/wp\/v2\/posts\/118645\/revisions"}],"wp:featuredmedia":[{"embeddable":true,"href":"https:\/\/www.europesays.com\/pt\/wp-json\/wp\/v2\/media\/118646"}],"wp:attachment":[{"href":"https:\/\/www.europesays.com\/pt\/wp-json\/wp\/v2\/media?parent=118645"}],"wp:term":[{"taxonomy":"category","embeddable":true,"href":"https:\/\/www.europesays.com\/pt\/wp-json\/wp\/v2\/categories?post=118645"},{"taxonomy":"post_tag","embeddable":true,"href":"https:\/\/www.europesays.com\/pt\/wp-json\/wp\/v2\/tags?post=118645"}],"curies":[{"name":"wp","href":"https:\/\/api.w.org\/{rel}","templated":true}]}}