{"id":118657,"date":"2025-10-20T11:15:47","date_gmt":"2025-10-20T11:15:47","guid":{"rendered":"https:\/\/www.europesays.com\/pt\/118657\/"},"modified":"2025-10-20T11:15:47","modified_gmt":"2025-10-20T11:15:47","slug":"5-livros-sobre-mudanca-organizacional-e-cultura-corporativa-para-liderar-transformacoes-com-proposito","status":"publish","type":"post","link":"https:\/\/www.europesays.com\/pt\/118657\/","title":{"rendered":"5 livros sobre mudan\u00e7a organizacional e cultura corporativa para liderar transforma\u00e7\u00f5es com prop\u00f3sito"},"content":{"rendered":"<p>Empresas que transformam seus h\u00e1bitos sem perder a alma tornam-se mais humanas, \u00e1geis e preparadas para o futuro<\/p>\n<p>Mudar \u00e9 inevit\u00e1vel \u2014 mas mudar bem \u00e9 uma arte. Em tempos de reestrutura\u00e7\u00f5es constantes, l\u00edderes precisam entender n\u00e3o apenas o \u201ccomo\u201d, mas o \u201cporqu\u00ea\u201d da transforma\u00e7\u00e3o. Esses livros oferecem reflex\u00f5es e ferramentas pr\u00e1ticas para conduzir mudan\u00e7as sem comprometer a cultura e o engajamento das equipes.<\/p>\n<p>A verdadeira gest\u00e3o da mudan\u00e7a \u00e9 mais psicol\u00f3gica do que estrutural: ela exige empatia, prop\u00f3sito e comunica\u00e7\u00e3o clara.<\/p>\n<p><a href=\"https:\/\/amzn.to\/47bzk6T\" target=\"_blank\" rel=\"noreferrer noopener nofollow\">1. Liderando mudan\u00e7as \u2013 John P. Kotter<\/a><\/p>\n<p>Considerado o manual definitivo sobre mudan\u00e7a organizacional.<br \/>Apresenta o modelo de oito etapas de Kotter para liderar transforma\u00e7\u00f5es sustent\u00e1veis.<\/p>\n<p><a href=\"https:\/\/amzn.to\/47aQce1\" target=\"_blank\" rel=\"noreferrer noopener nofollow\">2. O poder do h\u00e1bito \u2013 Charles Duhigg<\/a><\/p>\n<p>Mostra como h\u00e1bitos individuais e coletivos moldam a cultura das organiza\u00e7\u00f5es.<br \/>Explica como pequenas mudan\u00e7as comportamentais podem gerar grandes resultados.<\/p>\n<p><a href=\"https:\/\/amzn.to\/3JaH4y4\" target=\"_blank\" rel=\"noreferrer noopener nofollow\">3. Reinventando as organiza\u00e7\u00f5es \u2013 Frederic Laloux<\/a><\/p>\n<p>Explora novos modelos de gest\u00e3o baseados em prop\u00f3sito, autonomia e autogest\u00e3o.<br \/>Um guia inspirador sobre como reimaginar a estrutura organizacional.<\/p>\n<p><a href=\"https:\/\/amzn.to\/47cksFE\" target=\"_blank\" rel=\"noreferrer noopener nofollow\">4. Quem mexeu no meu queijo? \u2013 Spencer Johnson<\/a><\/p>\n<p>Uma par\u00e1bola simples e poderosa sobre como lidar com o medo da mudan\u00e7a.<br \/>Leitura leve, mas extremamente \u00fatil para momentos de transi\u00e7\u00e3o.<\/p>\n<p><a href=\"https:\/\/amzn.to\/4qgKPCY\" target=\"_blank\" rel=\"noreferrer noopener nofollow\">5. Switch: como mudar as coisas quando a mudan\u00e7a \u00e9 dif\u00edcil \u2013 Chip Heath e Dan Heath<\/a><\/p>\n<p>Mostra, com base em estudos de psicologia e comportamento, como conduzir mudan\u00e7as efetivas.<br \/>Revela por que a emo\u00e7\u00e3o, e n\u00e3o apenas a raz\u00e3o, \u00e9 o motor das transforma\u00e7\u00f5es.<\/p>\n<p>Mudar com coer\u00eancia \u00e9 evoluir com prop\u00f3sito<\/p>\n<p>Esses <a href=\"https:\/\/www.administradores.com.br\/noticias\/4-livros-sobre-inovacao-continua-e-criatividade-para-empresas-que-nao-querem-parar-de-evoluir\" target=\"_blank\" rel=\"noreferrer noopener nofollow\">livros<\/a> ensinam que mudan\u00e7a n\u00e3o \u00e9 ruptura \u2014 \u00e9 renova\u00e7\u00e3o. Empresas que transformam seus h\u00e1bitos sem perder a alma tornam-se mais humanas, \u00e1geis e preparadas para o futuro.<\/p>\n","protected":false},"excerpt":{"rendered":"Empresas que transformam seus h\u00e1bitos sem perder a alma tornam-se mais humanas, \u00e1geis e preparadas para o futuro&hellip;\n","protected":false},"author":2,"featured_media":118658,"comment_status":"","ping_status":"","sticky":false,"template":"","format":"standard","meta":{"footnotes":""},"categories":[143],"tags":[169,114,115,170,32,33],"class_list":{"0":"post-118657","1":"post","2":"type-post","3":"status-publish","4":"format-standard","5":"has-post-thumbnail","7":"category-livros","8":"tag-books","9":"tag-entertainment","10":"tag-entretenimento","11":"tag-livros","12":"tag-portugal","13":"tag-pt"},"share_on_mastodon":{"url":"https:\/\/pubeurope.com\/@pt\/115406214450460402","error":""},"_links":{"self":[{"href":"https:\/\/www.europesays.com\/pt\/wp-json\/wp\/v2\/posts\/118657","targetHints":{"allow":["GET"]}}],"collection":[{"href":"https:\/\/www.europesays.com\/pt\/wp-json\/wp\/v2\/posts"}],"about":[{"href":"https:\/\/www.europesays.com\/pt\/wp-json\/wp\/v2\/types\/post"}],"author":[{"embeddable":true,"href":"https:\/\/www.europesays.com\/pt\/wp-json\/wp\/v2\/users\/2"}],"replies":[{"embeddable":true,"href":"https:\/\/www.europesays.com\/pt\/wp-json\/wp\/v2\/comments?post=118657"}],"version-history":[{"count":0,"href":"https:\/\/www.europesays.com\/pt\/wp-json\/wp\/v2\/posts\/118657\/revisions"}],"wp:featuredmedia":[{"embeddable":true,"href":"https:\/\/www.europesays.com\/pt\/wp-json\/wp\/v2\/media\/118658"}],"wp:attachment":[{"href":"https:\/\/www.europesays.com\/pt\/wp-json\/wp\/v2\/media?parent=118657"}],"wp:term":[{"taxonomy":"category","embeddable":true,"href":"https:\/\/www.europesays.com\/pt\/wp-json\/wp\/v2\/categories?post=118657"},{"taxonomy":"post_tag","embeddable":true,"href":"https:\/\/www.europesays.com\/pt\/wp-json\/wp\/v2\/tags?post=118657"}],"curies":[{"name":"wp","href":"https:\/\/api.w.org\/{rel}","templated":true}]}}