{"id":118659,"date":"2025-10-20T11:16:09","date_gmt":"2025-10-20T11:16:09","guid":{"rendered":"https:\/\/www.europesays.com\/pt\/118659\/"},"modified":"2025-10-20T11:16:09","modified_gmt":"2025-10-20T11:16:09","slug":"liliana-perde-as-estribeiras-com-ana-para-mim-ja-vens-com-esse-paleio-secret-story","status":"publish","type":"post","link":"https:\/\/www.europesays.com\/pt\/118659\/","title":{"rendered":"Liliana perde as estribeiras com Ana: \u00abPara mim j\u00e1 vens com esse paleio!\u00bb &#8211; Secret Story"},"content":{"rendered":"<p>No <strong>Secret Story 9<\/strong>, ap\u00f3s uma gala atribulada e durante uma noite marcada pelo grande confronto entre Vera e Dylan, que tanto est\u00e1 a dar que falar, Liliana e Ana protagonizaram uma forte discuss\u00e3o que levou a concorrente de Lousada a perder as estribeiras. Pedro Jorge viu-se obrigado a intervir e separar as suas colegas.<\/p>\n<p>Liliana acabou no quarto a chorar compulsivamente e a gritar, a dizer que quer sair do programa e que est\u00e1 farta que tudo o que diga seja um problema. Mariana consola a colega, enquanto F\u00e1bio assiste a tudo.<\/p>\n","protected":false},"excerpt":{"rendered":"No Secret Story 9, ap\u00f3s uma gala atribulada e durante uma noite marcada pelo grande confronto entre Vera&hellip;\n","protected":false},"author":2,"featured_media":118660,"comment_status":"","ping_status":"","sticky":false,"template":"","format":"standard","meta":{"footnotes":""},"categories":[142],"tags":[6340,114,115,19033,19016,19034,32,33,151,19032],"class_list":{"0":"post-118659","1":"post","2":"type-post","3":"status-publish","4":"format-standard","5":"has-post-thumbnail","7":"category-tv","8":"tag-ana","9":"tag-entertainment","10":"tag-entretenimento","11":"tag-galas-em-video","12":"tag-liliana","13":"tag-melhores-momentos-casa-dos-segredos","14":"tag-portugal","15":"tag-pt","16":"tag-tv","17":"tag-videos-secret-story-tvi"},"share_on_mastodon":{"url":"https:\/\/pubeurope.com\/@pt\/115406214504372562","error":""},"_links":{"self":[{"href":"https:\/\/www.europesays.com\/pt\/wp-json\/wp\/v2\/posts\/118659","targetHints":{"allow":["GET"]}}],"collection":[{"href":"https:\/\/www.europesays.com\/pt\/wp-json\/wp\/v2\/posts"}],"about":[{"href":"https:\/\/www.europesays.com\/pt\/wp-json\/wp\/v2\/types\/post"}],"author":[{"embeddable":true,"href":"https:\/\/www.europesays.com\/pt\/wp-json\/wp\/v2\/users\/2"}],"replies":[{"embeddable":true,"href":"https:\/\/www.europesays.com\/pt\/wp-json\/wp\/v2\/comments?post=118659"}],"version-history":[{"count":0,"href":"https:\/\/www.europesays.com\/pt\/wp-json\/wp\/v2\/posts\/118659\/revisions"}],"wp:featuredmedia":[{"embeddable":true,"href":"https:\/\/www.europesays.com\/pt\/wp-json\/wp\/v2\/media\/118660"}],"wp:attachment":[{"href":"https:\/\/www.europesays.com\/pt\/wp-json\/wp\/v2\/media?parent=118659"}],"wp:term":[{"taxonomy":"category","embeddable":true,"href":"https:\/\/www.europesays.com\/pt\/wp-json\/wp\/v2\/categories?post=118659"},{"taxonomy":"post_tag","embeddable":true,"href":"https:\/\/www.europesays.com\/pt\/wp-json\/wp\/v2\/tags?post=118659"}],"curies":[{"name":"wp","href":"https:\/\/api.w.org\/{rel}","templated":true}]}}