{"id":118661,"date":"2025-10-20T11:19:09","date_gmt":"2025-10-20T11:19:09","guid":{"rendered":"https:\/\/www.europesays.com\/pt\/118661\/"},"modified":"2025-10-20T11:19:09","modified_gmt":"2025-10-20T11:19:09","slug":"sub-20-marrocos-bate-argentina-com-bis-de-famalicense-e-e-campea-do-mundo","status":"publish","type":"post","link":"https:\/\/www.europesays.com\/pt\/118661\/","title":{"rendered":"Sub-20: Marrocos bate Argentina com bis de famalicense e \u00e9 campe\u00e3 do mundo"},"content":{"rendered":"<p>A sele\u00e7\u00e3o de Marrocos sagrou-se campe\u00e3 mundial sub-20 pela primeira vez na hist\u00f3ria, ao bater na final a Argentina por 2-0.<\/p>\n<p>Yassir Zabiri, avan\u00e7ado do Famalic\u00e3o, alinhou de in\u00edcio pela sele\u00e7\u00e3o africana e foi absolutamente decisivo, ao bisar na partida com golos aos 12 e aos 29 minutos.<\/p>\n<p>Em Santiago do Chile, o 1-0 foi apontado na cobran\u00e7a ex\u00edmia de um livre direto que Zabiri converteu ap\u00f3s ter sido derrubado pelo guardi\u00e3o albiceleste fora da \u00e1rea quando escapava nas costas dos defesas.<\/p>\n<p>J\u00e1 perto da meia-hora, o atacante famalicense deu o melhor seguimento a um centro da direita e, sem deixar cair, atirou de p\u00e9 esquerdo para o 2-0.<\/p>\n<p>Com Tom\u00e1s P\u00e9rez (FC Porto) &#8211; saiu ao intervalo &#8211; e Gianluca Prestianni (Benfica) &#8211; cumpriu todo o jogo &#8211; de in\u00edcio, a Argentina apresentou registos estat\u00edsticos esmagadores na posse de bola e nos remates, mas faltou-lhe a efic\u00e1cia e a clarivid\u00eancia dos \u00abLe\u00f5es do Atlas\u00bb, que apostaram na coes\u00e3o defensiva e nas transi\u00e7\u00f5es r\u00e1pidas para, no fim, se sagrarem na segunda sele\u00e7\u00e3o do continente africano a sagrar-se campe\u00e3 mundial da categoria, apenas depois do Gana em 2009.<\/p>\n","protected":false},"excerpt":{"rendered":"A sele\u00e7\u00e3o de Marrocos sagrou-se campe\u00e3 mundial sub-20 pela primeira vez na hist\u00f3ria, ao bater na final a&hellip;\n","protected":false},"author":2,"featured_media":118662,"comment_status":"","ping_status":"","sticky":false,"template":"","format":"standard","meta":{"footnotes":""},"categories":[87],"tags":[2424,51,135,5879,282,82,46,1959,22303,32,33,47,134],"class_list":{"0":"post-118661","1":"post","2":"type-post","3":"status-publish","4":"format-standard","5":"has-post-thumbnail","7":"category-desporto","8":"tag-argentina","9":"tag-benfica","10":"tag-desporto","11":"tag-famalicao","12":"tag-fc-porto","13":"tag-internacional","14":"tag-maisfutebol","15":"tag-marrocos","16":"tag-mundial-sub-20","17":"tag-portugal","18":"tag-pt","19":"tag-pura-paixao","20":"tag-sports"},"share_on_mastodon":{"url":"https:\/\/pubeurope.com\/@pt\/115406226331605813","error":""},"_links":{"self":[{"href":"https:\/\/www.europesays.com\/pt\/wp-json\/wp\/v2\/posts\/118661","targetHints":{"allow":["GET"]}}],"collection":[{"href":"https:\/\/www.europesays.com\/pt\/wp-json\/wp\/v2\/posts"}],"about":[{"href":"https:\/\/www.europesays.com\/pt\/wp-json\/wp\/v2\/types\/post"}],"author":[{"embeddable":true,"href":"https:\/\/www.europesays.com\/pt\/wp-json\/wp\/v2\/users\/2"}],"replies":[{"embeddable":true,"href":"https:\/\/www.europesays.com\/pt\/wp-json\/wp\/v2\/comments?post=118661"}],"version-history":[{"count":0,"href":"https:\/\/www.europesays.com\/pt\/wp-json\/wp\/v2\/posts\/118661\/revisions"}],"wp:featuredmedia":[{"embeddable":true,"href":"https:\/\/www.europesays.com\/pt\/wp-json\/wp\/v2\/media\/118662"}],"wp:attachment":[{"href":"https:\/\/www.europesays.com\/pt\/wp-json\/wp\/v2\/media?parent=118661"}],"wp:term":[{"taxonomy":"category","embeddable":true,"href":"https:\/\/www.europesays.com\/pt\/wp-json\/wp\/v2\/categories?post=118661"},{"taxonomy":"post_tag","embeddable":true,"href":"https:\/\/www.europesays.com\/pt\/wp-json\/wp\/v2\/tags?post=118661"}],"curies":[{"name":"wp","href":"https:\/\/api.w.org\/{rel}","templated":true}]}}