{"id":118677,"date":"2025-10-20T11:29:09","date_gmt":"2025-10-20T11:29:09","guid":{"rendered":"https:\/\/www.europesays.com\/pt\/118677\/"},"modified":"2025-10-20T11:29:09","modified_gmt":"2025-10-20T11:29:09","slug":"livro-aborda-a-trajetoria-da-ama","status":"publish","type":"post","link":"https:\/\/www.europesays.com\/pt\/118677\/","title":{"rendered":"Livro aborda a trajet\u00f3ria da AMA"},"content":{"rendered":"\n<p>Acontece \u00e0s 10 horas desta segunda-feira, 20, na sede da Associa\u00e7\u00e3o dos Munic\u00edpios Alagoanos, o lan\u00e7amento do livro \u201cUma Hist\u00f3ria de Uni\u00e3o e Resist\u00eancia Municipalista\u201d, que revive o per\u00edodo em que o municipalismo se tornou uma das principais for\u00e7as pol\u00edticas de Alagoas, consolidando uma nova fase de uni\u00e3o e reestrutura\u00e7\u00e3o institucional no Estado.<\/p>\n<p>O evento ter\u00e1 a presen\u00e7a do vice-governador Ronaldo Lessa (PDT), que presidiu a institui\u00e7\u00e3o entre 1995 e 1996, quando a entidade passou por um processo de renova\u00e7\u00e3o administrativa e pol\u00edtica que marcou o fortalecimento do movimento municipalista em Alagoas.<\/p>\n<p>A obra foi escrita pelo jornalista Ant\u00f4nio Bezerra Torres e pelo engenheiro agr\u00f4nomo Reinaldo Falc\u00e3o, que foram dirigentes executivos da AMA nesse per\u00edodo, e destaca o papel hist\u00f3rico da entidade.\u00a0<\/p>\n<p>Outra atividade prevista para hoje na sede da AMA tem in\u00edcio \u00e0s 11 horas, com a apresenta\u00e7\u00e3o do Programa Alagoas Lil\u00e1s, pela Secret\u00e1ria de Estado da Mulher, Mar\u00edlia Albuquerque, ocasi\u00e3o em que ser\u00e1 firmado um termo de ades\u00e3o com o Instituto Natura.<\/p>\n","protected":false},"excerpt":{"rendered":"Acontece \u00e0s 10 horas desta segunda-feira, 20, na sede da Associa\u00e7\u00e3o dos Munic\u00edpios Alagoanos, o lan\u00e7amento do livro&hellip;\n","protected":false},"author":2,"featured_media":23455,"comment_status":"","ping_status":"","sticky":false,"template":"","format":"standard","meta":{"footnotes":""},"categories":[143],"tags":[169,114,115,170,32,33],"class_list":{"0":"post-118677","1":"post","2":"type-post","3":"status-publish","4":"format-standard","5":"has-post-thumbnail","7":"category-livros","8":"tag-books","9":"tag-entertainment","10":"tag-entretenimento","11":"tag-livros","12":"tag-portugal","13":"tag-pt"},"share_on_mastodon":{"url":"https:\/\/pubeurope.com\/@pt\/115406265721376762","error":""},"_links":{"self":[{"href":"https:\/\/www.europesays.com\/pt\/wp-json\/wp\/v2\/posts\/118677","targetHints":{"allow":["GET"]}}],"collection":[{"href":"https:\/\/www.europesays.com\/pt\/wp-json\/wp\/v2\/posts"}],"about":[{"href":"https:\/\/www.europesays.com\/pt\/wp-json\/wp\/v2\/types\/post"}],"author":[{"embeddable":true,"href":"https:\/\/www.europesays.com\/pt\/wp-json\/wp\/v2\/users\/2"}],"replies":[{"embeddable":true,"href":"https:\/\/www.europesays.com\/pt\/wp-json\/wp\/v2\/comments?post=118677"}],"version-history":[{"count":0,"href":"https:\/\/www.europesays.com\/pt\/wp-json\/wp\/v2\/posts\/118677\/revisions"}],"wp:featuredmedia":[{"embeddable":true,"href":"https:\/\/www.europesays.com\/pt\/wp-json\/wp\/v2\/media\/23455"}],"wp:attachment":[{"href":"https:\/\/www.europesays.com\/pt\/wp-json\/wp\/v2\/media?parent=118677"}],"wp:term":[{"taxonomy":"category","embeddable":true,"href":"https:\/\/www.europesays.com\/pt\/wp-json\/wp\/v2\/categories?post=118677"},{"taxonomy":"post_tag","embeddable":true,"href":"https:\/\/www.europesays.com\/pt\/wp-json\/wp\/v2\/tags?post=118677"}],"curies":[{"name":"wp","href":"https:\/\/api.w.org\/{rel}","templated":true}]}}