{"id":118699,"date":"2025-10-20T11:49:09","date_gmt":"2025-10-20T11:49:09","guid":{"rendered":"https:\/\/www.europesays.com\/pt\/118699\/"},"modified":"2025-10-20T11:49:09","modified_gmt":"2025-10-20T11:49:09","slug":"fiz-figura-de-parva-desde-o-inicio","status":"publish","type":"post","link":"https:\/\/www.europesays.com\/pt\/118699\/","title":{"rendered":"\u201cFiz figura de parva desde o in\u00edcio\u201d"},"content":{"rendered":"<p>  <img width=\"780\" height=\"470\" src=\"https:\/\/www.europesays.com\/pt\/wp-content\/uploads\/2025\/10\/liliana-ss-1-5-780x470.jpg\" alt=\"Liliana em l\u00e1grimas ap\u00f3s descobrir o segredo de F\u00e1bio: \u201cFiz figura de parva desde o in\u00edcio\u201d\" data-main-img=\"1\" decoding=\"async\" fetchpriority=\"high\"\/>   Liliana em l\u00e1grimas ap\u00f3s descobrir o segredo de F\u00e1bio: \u201cFiz figura de parva desde o in\u00edcio\u201dA noite foi de tens\u00e3o e emo\u00e7\u00f5es \u00e0 flor da pele na <a href=\"https:\/\/dioguinho.com\/category\/casa-dos-segredos\/\" rel=\"nofollow noopener\" target=\"_blank\">Casa dos Segredos<\/a>. Depois da gala, Liliana ficou completamente de rastos ao descobrir o segredo de F\u00e1bio.<\/p>\n<p>A jovem refugiou-se no quarto e acabou por abrir o cora\u00e7\u00e3o a Mariana, <strong>\u201cEle foi o pr\u00f3prio a dizer que se eu dan\u00e7asse com o Pedro era o limite\u2026 fiz figura de parva desde o in\u00edcio\u201d<\/strong>, come\u00e7ou por dizer, ignorando por completo a presen\u00e7a de F\u00e1bio no quarto.<\/p>\n<p>Mariana tentou acalm\u00e1-la, garantindo que tudo entre F\u00e1bio e Vera j\u00e1 estava resolvido, <strong>\u201cEst\u00e1 tudo superado, j\u00e1 n\u00e3o h\u00e1 nada entre eles\u201d,<\/strong> assegurou a colega taxista, mas Liliana n\u00e3o quis ouvir, <strong>\u201cN\u00e3o est\u00e1 superado. Fui ao confession\u00e1rio e sei o que a Cristina falou comigo. N\u00e3o quero esclarecer. Vou fazer as malas\u201d<\/strong>, atirou.<\/p>\n<p>Liliana deixou escapar uma suspeita que vinha a crescer h\u00e1 dias,<strong> \u201cSe calhar meteu-se comigo para meter ci\u00fames \u00e0 Vera. Se eu n\u00e3o estivesse aqui, ele metia-se com a Vera. Iludiu-me\u201d<\/strong>, lamentou.<\/p>\n<p>Enquanto isso, F\u00e1bio mantinha-se im\u00f3vel, abanando a cabe\u00e7a em sinal de nega\u00e7\u00e3o, sem proferir uma \u00fanica palavra, a tens\u00e3o foi tal que at\u00e9 \u2018A Voz\u2019 decidiu intervir, em tom de brincadeira, lan\u00e7ando uma \u201cboca\u201d a Mariana por n\u00e3o deixar o casal a s\u00f3s para conversar. mas, <strong>mesmo com o humor do \u201ctodo-poderoso\u201d da casa, o ambiente continuou pesado.<\/strong><\/p>\n","protected":false},"excerpt":{"rendered":"Liliana em l\u00e1grimas ap\u00f3s descobrir o segredo de F\u00e1bio: \u201cFiz figura de parva desde o in\u00edcio\u201dA noite foi&hellip;\n","protected":false},"author":2,"featured_media":118700,"comment_status":"","ping_status":"","sticky":false,"template":"","format":"standard","meta":{"footnotes":""},"categories":[142],"tags":[2632,13471,20079,114,115,32,33,16686,151],"class_list":{"0":"post-118699","1":"post","2":"type-post","3":"status-publish","4":"format-standard","5":"has-post-thumbnail","7":"category-tv","8":"tag-casa-dos-segredos","9":"tag-casa-dos-segredos-9","10":"tag-concorrentes-casa-dos-segredos","11":"tag-entertainment","12":"tag-entretenimento","13":"tag-portugal","14":"tag-pt","15":"tag-secret-story-9","16":"tag-tv"},"share_on_mastodon":{"url":"https:\/\/pubeurope.com\/@pt\/115406344374562233","error":""},"_links":{"self":[{"href":"https:\/\/www.europesays.com\/pt\/wp-json\/wp\/v2\/posts\/118699","targetHints":{"allow":["GET"]}}],"collection":[{"href":"https:\/\/www.europesays.com\/pt\/wp-json\/wp\/v2\/posts"}],"about":[{"href":"https:\/\/www.europesays.com\/pt\/wp-json\/wp\/v2\/types\/post"}],"author":[{"embeddable":true,"href":"https:\/\/www.europesays.com\/pt\/wp-json\/wp\/v2\/users\/2"}],"replies":[{"embeddable":true,"href":"https:\/\/www.europesays.com\/pt\/wp-json\/wp\/v2\/comments?post=118699"}],"version-history":[{"count":0,"href":"https:\/\/www.europesays.com\/pt\/wp-json\/wp\/v2\/posts\/118699\/revisions"}],"wp:featuredmedia":[{"embeddable":true,"href":"https:\/\/www.europesays.com\/pt\/wp-json\/wp\/v2\/media\/118700"}],"wp:attachment":[{"href":"https:\/\/www.europesays.com\/pt\/wp-json\/wp\/v2\/media?parent=118699"}],"wp:term":[{"taxonomy":"category","embeddable":true,"href":"https:\/\/www.europesays.com\/pt\/wp-json\/wp\/v2\/categories?post=118699"},{"taxonomy":"post_tag","embeddable":true,"href":"https:\/\/www.europesays.com\/pt\/wp-json\/wp\/v2\/tags?post=118699"}],"curies":[{"name":"wp","href":"https:\/\/api.w.org\/{rel}","templated":true}]}}