{"id":118703,"date":"2025-10-20T11:52:09","date_gmt":"2025-10-20T11:52:09","guid":{"rendered":"https:\/\/www.europesays.com\/pt\/118703\/"},"modified":"2025-10-20T11:52:09","modified_gmt":"2025-10-20T11:52:09","slug":"vinicius-jr-em-nova-polemica-e-por-isso-que-toda-a-gente-te-odeia","status":"publish","type":"post","link":"https:\/\/www.europesays.com\/pt\/118703\/","title":{"rendered":"Vin\u00edcius Jr. em nova pol\u00e9mica: &#8220;\u00c9 por isso que toda a gente te odeia&#8221;"},"content":{"rendered":"<blockquote data-type=\"articles\" data-id=\"related-article-18010553\"><p>\n              <strong>Leia tamb\u00e9m <\/strong><br \/>\n              <a href=\"https:\/\/www.ojogo.pt\/futebol\/artigo\/luuk-de-jong-vai-ser-uma-grande-batalha-esta-epoca-mas-estamos-no-bom-caminho\/18010553\" rel=\"nofollow noopener\" target=\"_blank\">Luuk de Jong: &#8220;Vai ser uma grande batalha esta \u00e9poca, mas estamos no bom caminho&#8221;<\/a>\n            <\/p><\/blockquote>\n<p data-remotead-prev-elm=\"true\" data-remotead-elm-id=\"inread\">Uma nova pol\u00e9mica em torno de Vin\u00edcius Jr. surgiu no domingo, durante o encontro do Real Madrid em Getafe, que os merengues acabaram por vencer por 0-1. O internacional brasileiro entrou na segunda parte, aos 55 minutos, tendo depois disso a equipa da casa ficado com menos dois jogadores (Nyom foi expulso aos 77&#8242; e Alex Sancris aos 84&#8242;).<\/p>\n<p>No entanto, o momento mais falado foi mesmo com Juan Iglesias que, segundo o jornal &#8220;AS&#8221;, ter\u00e1 atirado ao internacional canarinho: &#8220;\u00c9 por isso que toda a gente te odeia&#8221;.<\/p>\n<p data-remotead-prev-elm=\"true\" data-remotead-elm-id=\"centro1\">&#8220;No futebol h\u00e1 muitos lances, muitos duelos. S\u00e3o coisas do jogo, coisas do futebol, coisas dos jogadores, que ficam sempre em campo. Mas h\u00e1 coisas que n\u00e3o se podem permitir, tem de haver respeito pelas pessoas. H\u00e1 que respeitar o advers\u00e1rio e as pessoas. Quando n\u00e3o se respeita, soltam as fa\u00edscas e ningu\u00e9m gosta&#8221;, afirmou Iglesias ap\u00f3s a partida, tamb\u00e9m citado pelo &#8220;AS&#8221;.<\/p>\n","protected":false},"excerpt":{"rendered":"Leia tamb\u00e9m Luuk de Jong: &#8220;Vai ser uma grande batalha esta \u00e9poca, mas estamos no bom caminho&#8221; Uma&hellip;\n","protected":false},"author":2,"featured_media":118704,"comment_status":"","ping_status":"","sticky":false,"template":"","format":"standard","meta":{"footnotes":""},"categories":[87],"tags":[135,524,138,32,33,134,25651],"class_list":{"0":"post-118703","1":"post","2":"type-post","3":"status-publish","4":"format-standard","5":"has-post-thumbnail","7":"category-desporto","8":"tag-desporto","9":"tag-futebol","10":"tag-futebol-internacional","11":"tag-portugal","12":"tag-pt","13":"tag-sports","14":"tag-vinicius-jr"},"share_on_mastodon":{"url":"https:\/\/pubeurope.com\/@pt\/115406356041852477","error":""},"_links":{"self":[{"href":"https:\/\/www.europesays.com\/pt\/wp-json\/wp\/v2\/posts\/118703","targetHints":{"allow":["GET"]}}],"collection":[{"href":"https:\/\/www.europesays.com\/pt\/wp-json\/wp\/v2\/posts"}],"about":[{"href":"https:\/\/www.europesays.com\/pt\/wp-json\/wp\/v2\/types\/post"}],"author":[{"embeddable":true,"href":"https:\/\/www.europesays.com\/pt\/wp-json\/wp\/v2\/users\/2"}],"replies":[{"embeddable":true,"href":"https:\/\/www.europesays.com\/pt\/wp-json\/wp\/v2\/comments?post=118703"}],"version-history":[{"count":0,"href":"https:\/\/www.europesays.com\/pt\/wp-json\/wp\/v2\/posts\/118703\/revisions"}],"wp:featuredmedia":[{"embeddable":true,"href":"https:\/\/www.europesays.com\/pt\/wp-json\/wp\/v2\/media\/118704"}],"wp:attachment":[{"href":"https:\/\/www.europesays.com\/pt\/wp-json\/wp\/v2\/media?parent=118703"}],"wp:term":[{"taxonomy":"category","embeddable":true,"href":"https:\/\/www.europesays.com\/pt\/wp-json\/wp\/v2\/categories?post=118703"},{"taxonomy":"post_tag","embeddable":true,"href":"https:\/\/www.europesays.com\/pt\/wp-json\/wp\/v2\/tags?post=118703"}],"curies":[{"name":"wp","href":"https:\/\/api.w.org\/{rel}","templated":true}]}}