{"id":118715,"date":"2025-10-20T11:58:09","date_gmt":"2025-10-20T11:58:09","guid":{"rendered":"https:\/\/www.europesays.com\/pt\/118715\/"},"modified":"2025-10-20T11:58:09","modified_gmt":"2025-10-20T11:58:09","slug":"novo-episodio-de-violencia-na-avenida-sa-carneiro-com-video","status":"publish","type":"post","link":"https:\/\/www.europesays.com\/pt\/118715\/","title":{"rendered":"Novo epis\u00f3dio de viol\u00eancia na Avenida S\u00e1 Carneiro (com v\u00eddeo)"},"content":{"rendered":"\n<p class=\"p_0\">Um novo epis\u00f3dio de viol\u00eancia foi registado na madrugada deste fim de semana, na Avenida S\u00e1 Carneiro, no Funchal, junto ao Hotel CR7 e a um estabelecimento de divers\u00e3o noturna.<\/p>\n<p class=\"p_1\">Nas imagens enviadas por um leitor do JM, \u00e9 poss\u00edvel ver v\u00e1rios jovens envolvidos numa rixa, durante a qual um deles acaba imobilizado no ch\u00e3o por outros dois. No v\u00eddeo, observa-se ainda uma rapariga a afastar-se do local, aparentemente para procurar ajuda.<\/p>\n<p class=\"p_2\">Segundo o mesmo leitor, a situa\u00e7\u00e3o ocorreu durante a \u00faltima madrugada. N\u00e3o h\u00e1 registo de feridos assistidos pelas equipas de emerg\u00eancia.<\/p>\n<p class=\"p_3\">Apesar de este tipo de incidentes n\u00e3o ser novo, t\u00eam se multiplicado os relatos de confrontos e excessos associados ao consumo de \u00e1lcool naquela zona, sobretudo durante os fins de semana.<\/p>\n","protected":false},"excerpt":{"rendered":"Um novo epis\u00f3dio de viol\u00eancia foi registado na madrugada deste fim de semana, na Avenida S\u00e1 Carneiro, no&hellip;\n","protected":false},"author":2,"featured_media":118716,"comment_status":"","ping_status":"","sticky":false,"template":"","format":"standard","meta":{"footnotes":""},"categories":[10],"tags":[27,28,566,15,16,14,25,26,21,22,12,13,19,20,32,23,24,33,17,18,29,30,31],"class_list":{"0":"post-118715","1":"post","2":"type-post","3":"status-publish","4":"format-standard","5":"has-post-thumbnail","7":"category-portugal","8":"tag-breaking-news","9":"tag-breakingnews","10":"tag-briga","11":"tag-featured-news","12":"tag-featurednews","13":"tag-headlines","14":"tag-latest-news","15":"tag-latestnews","16":"tag-main-news","17":"tag-mainnews","18":"tag-news","19":"tag-noticias","20":"tag-noticias-principais","21":"tag-noticiasprincipais","22":"tag-portugal","23":"tag-principais-noticias","24":"tag-principaisnoticias","25":"tag-pt","26":"tag-top-stories","27":"tag-topstories","28":"tag-ultimas","29":"tag-ultimas-noticias","30":"tag-ultimasnoticias"},"share_on_mastodon":{"url":"https:\/\/pubeurope.com\/@pt\/115406380156875732","error":""},"_links":{"self":[{"href":"https:\/\/www.europesays.com\/pt\/wp-json\/wp\/v2\/posts\/118715","targetHints":{"allow":["GET"]}}],"collection":[{"href":"https:\/\/www.europesays.com\/pt\/wp-json\/wp\/v2\/posts"}],"about":[{"href":"https:\/\/www.europesays.com\/pt\/wp-json\/wp\/v2\/types\/post"}],"author":[{"embeddable":true,"href":"https:\/\/www.europesays.com\/pt\/wp-json\/wp\/v2\/users\/2"}],"replies":[{"embeddable":true,"href":"https:\/\/www.europesays.com\/pt\/wp-json\/wp\/v2\/comments?post=118715"}],"version-history":[{"count":0,"href":"https:\/\/www.europesays.com\/pt\/wp-json\/wp\/v2\/posts\/118715\/revisions"}],"wp:featuredmedia":[{"embeddable":true,"href":"https:\/\/www.europesays.com\/pt\/wp-json\/wp\/v2\/media\/118716"}],"wp:attachment":[{"href":"https:\/\/www.europesays.com\/pt\/wp-json\/wp\/v2\/media?parent=118715"}],"wp:term":[{"taxonomy":"category","embeddable":true,"href":"https:\/\/www.europesays.com\/pt\/wp-json\/wp\/v2\/categories?post=118715"},{"taxonomy":"post_tag","embeddable":true,"href":"https:\/\/www.europesays.com\/pt\/wp-json\/wp\/v2\/tags?post=118715"}],"curies":[{"name":"wp","href":"https:\/\/api.w.org\/{rel}","templated":true}]}}