{"id":118757,"date":"2025-10-20T12:26:29","date_gmt":"2025-10-20T12:26:29","guid":{"rendered":"https:\/\/www.europesays.com\/pt\/118757\/"},"modified":"2025-10-20T12:26:29","modified_gmt":"2025-10-20T12:26:29","slug":"psp-avalia-declaracoes-de-agentes-que-afirmaram-ser-treinados-para-atirar-a-matar","status":"publish","type":"post","link":"https:\/\/www.europesays.com\/pt\/118757\/","title":{"rendered":"PSP avalia declara\u00e7\u00f5es de agentes que afirmaram ser treinados para &#8220;atirar a matar&#8221;"},"content":{"rendered":"<p>A PSP est\u00e1 &#8220;neste momento a avaliar&#8221; as declara\u00e7\u00f5es que dois agentes do Corpo de Seguran\u00e7a Pessoal prestaram enquanto testemunhas de defesa de um colega pol\u00edcia que, este m\u00eas, foi condenado a 14 anos de pris\u00e3o por matar, com a arma de servi\u00e7o, um assaltante que o havia raptado, em Lisboa. Durante o julgamento, ambos ter\u00e3o transmitido a ideia de que os membros desta subunidade da Unidade Especial de Pol\u00edcia s\u00e3o treinados apenas para &#8220;atirar a matar&#8221;, algo que contraria as normas legais e internas sobre o uso de armas de fogo.<\/p>\n","protected":false},"excerpt":{"rendered":"A PSP est\u00e1 &#8220;neste momento a avaliar&#8221; as declara\u00e7\u00f5es que dois agentes do Corpo de Seguran\u00e7a Pessoal prestaram&hellip;\n","protected":false},"author":2,"featured_media":118758,"comment_status":"","ping_status":"","sticky":false,"template":"","format":"standard","meta":{"footnotes":""},"categories":[10],"tags":[27,28,15,16,14,5607,603,25,26,21,22,12,13,19,20,32,23,24,1306,33,17,18,29,30,31,27649],"class_list":{"0":"post-118757","1":"post","2":"type-post","3":"status-publish","4":"format-standard","5":"has-post-thumbnail","7":"category-portugal","8":"tag-breaking-news","9":"tag-breakingnews","10":"tag-featured-news","11":"tag-featurednews","12":"tag-headlines","13":"tag-julgamento","14":"tag-justica","15":"tag-latest-news","16":"tag-latestnews","17":"tag-main-news","18":"tag-mainnews","19":"tag-news","20":"tag-noticias","21":"tag-noticias-principais","22":"tag-noticiasprincipais","23":"tag-portugal","24":"tag-principais-noticias","25":"tag-principaisnoticias","26":"tag-psp","27":"tag-pt","28":"tag-top-stories","29":"tag-topstories","30":"tag-ultimas","31":"tag-ultimas-noticias","32":"tag-ultimasnoticias","33":"tag-unidade-especial-de-policia"},"share_on_mastodon":{"url":"https:\/\/pubeurope.com\/@pt\/115406490093472485","error":""},"_links":{"self":[{"href":"https:\/\/www.europesays.com\/pt\/wp-json\/wp\/v2\/posts\/118757","targetHints":{"allow":["GET"]}}],"collection":[{"href":"https:\/\/www.europesays.com\/pt\/wp-json\/wp\/v2\/posts"}],"about":[{"href":"https:\/\/www.europesays.com\/pt\/wp-json\/wp\/v2\/types\/post"}],"author":[{"embeddable":true,"href":"https:\/\/www.europesays.com\/pt\/wp-json\/wp\/v2\/users\/2"}],"replies":[{"embeddable":true,"href":"https:\/\/www.europesays.com\/pt\/wp-json\/wp\/v2\/comments?post=118757"}],"version-history":[{"count":0,"href":"https:\/\/www.europesays.com\/pt\/wp-json\/wp\/v2\/posts\/118757\/revisions"}],"wp:featuredmedia":[{"embeddable":true,"href":"https:\/\/www.europesays.com\/pt\/wp-json\/wp\/v2\/media\/118758"}],"wp:attachment":[{"href":"https:\/\/www.europesays.com\/pt\/wp-json\/wp\/v2\/media?parent=118757"}],"wp:term":[{"taxonomy":"category","embeddable":true,"href":"https:\/\/www.europesays.com\/pt\/wp-json\/wp\/v2\/categories?post=118757"},{"taxonomy":"post_tag","embeddable":true,"href":"https:\/\/www.europesays.com\/pt\/wp-json\/wp\/v2\/tags?post=118757"}],"curies":[{"name":"wp","href":"https:\/\/api.w.org\/{rel}","templated":true}]}}