{"id":118761,"date":"2025-10-20T12:28:08","date_gmt":"2025-10-20T12:28:08","guid":{"rendered":"https:\/\/www.europesays.com\/pt\/118761\/"},"modified":"2025-10-20T12:28:08","modified_gmt":"2025-10-20T12:28:08","slug":"producao-expulsa-gaby-spanic-de-a-fazenda-17-apos-agressao","status":"publish","type":"post","link":"https:\/\/www.europesays.com\/pt\/118761\/","title":{"rendered":"Produ\u00e7\u00e3o expulsa Gaby Spanic de \u201cA Fazenda 17\u201d ap\u00f3s agress\u00e3o"},"content":{"rendered":"<p><img decoding=\"async\" fetchpriority=\"high\" src=\"https:\/\/www.europesays.com\/pt\/wp-content\/uploads\/2025\/10\/e2rphwut681qo59jwwmdxaz7v.jpg\" width=\"906\" height=\"509\" alt=\"Gaby Spanic no reality A Fazenda 17\" title=\"Gaby Spanic no reality A Fazenda 17\"\/>Reprodu\u00e7\u00e3o\/Internet<\/p>\n<p>Gaby Spanic no reality A Fazenda 17<\/p>\n<p>A produ\u00e7\u00e3o de \u201c <strong>A Fazenda 17\u201d<\/strong> expulsou a atriz <strong>Gaby Spanic<\/strong> ap\u00f3s ela agredir a participante <strong>Tamires<\/strong> durante uma din\u00e2mica exibida ao vivo na noite deste domingo (19).<\/p>\n<p>O an\u00fancio foi feito por um produtor do programa, que publicou: \u201c Devido ao ocorrido na atividade agora h\u00e1 pouco, tivemos que expulsar a Gaby Spanic do jogo. \u201d<\/p>\n<p>O epis\u00f3dio ocorreu quando a atriz fez um discurso sobre <strong>viol\u00eancia<\/strong> e <strong>preconceito<\/strong> que disse ter enfrentado fora do confinamento. Durante a fala, Gaby se descontrolou, aproximou-se de Tamires e deu um tapa no rosto da colega.<\/p>\n<p>\u201c Eu sou uma mulher que veio de outro pa\u00eds e j\u00e1 me aconteceram muitas coisas. N\u00e3o tem como falar dela sem falar de mim. J\u00e1 sofri bullying pela maneira de falar, fui agredida por um agressor. Obrigada, galera do Brasil, que n\u00e3o aguenta mais a viol\u00eancia! \u201d, declarou a atriz.<\/p>\n<p>Logo ap\u00f3s o epis\u00f3dio, Gaby ainda provocou Tamires: \u201c Defenda-se! Perdoe-me! Por que voc\u00ea n\u00e3o se defende? \u201d<\/p>\n<p>Desist\u00eancia confirmada<\/p>\n<p>Antes do an\u00fancio da expuls\u00e3o, a atriz decidiu n\u00e3o continuar no reality. \u201c Eu desisto! Bye \u201d,\u00a0afirmou\u00a0Gaby.<\/p>\n<p>Leia mais<\/p>\n","protected":false},"excerpt":{"rendered":"Reprodu\u00e7\u00e3o\/Internet Gaby Spanic no reality A Fazenda 17 A produ\u00e7\u00e3o de \u201c A Fazenda 17\u201d expulsou a atriz&hellip;\n","protected":false},"author":2,"featured_media":118762,"comment_status":"","ping_status":"","sticky":false,"template":"","format":"standard","meta":{"footnotes":""},"categories":[145],"tags":[657,211,210,114,115,18986,32,33,1014],"class_list":{"0":"post-118761","1":"post","2":"type-post","3":"status-publish","4":"format-standard","5":"has-post-thumbnail","7":"category-celebridades","8":"tag-a-fazenda","9":"tag-celebridades","10":"tag-celebrities","11":"tag-entertainment","12":"tag-entretenimento","13":"tag-gaby-spanic","14":"tag-portugal","15":"tag-pt","16":"tag-reality-show"},"share_on_mastodon":{"url":"https:\/\/pubeurope.com\/@pt\/115406497736730272","error":""},"_links":{"self":[{"href":"https:\/\/www.europesays.com\/pt\/wp-json\/wp\/v2\/posts\/118761","targetHints":{"allow":["GET"]}}],"collection":[{"href":"https:\/\/www.europesays.com\/pt\/wp-json\/wp\/v2\/posts"}],"about":[{"href":"https:\/\/www.europesays.com\/pt\/wp-json\/wp\/v2\/types\/post"}],"author":[{"embeddable":true,"href":"https:\/\/www.europesays.com\/pt\/wp-json\/wp\/v2\/users\/2"}],"replies":[{"embeddable":true,"href":"https:\/\/www.europesays.com\/pt\/wp-json\/wp\/v2\/comments?post=118761"}],"version-history":[{"count":0,"href":"https:\/\/www.europesays.com\/pt\/wp-json\/wp\/v2\/posts\/118761\/revisions"}],"wp:featuredmedia":[{"embeddable":true,"href":"https:\/\/www.europesays.com\/pt\/wp-json\/wp\/v2\/media\/118762"}],"wp:attachment":[{"href":"https:\/\/www.europesays.com\/pt\/wp-json\/wp\/v2\/media?parent=118761"}],"wp:term":[{"taxonomy":"category","embeddable":true,"href":"https:\/\/www.europesays.com\/pt\/wp-json\/wp\/v2\/categories?post=118761"},{"taxonomy":"post_tag","embeddable":true,"href":"https:\/\/www.europesays.com\/pt\/wp-json\/wp\/v2\/tags?post=118761"}],"curies":[{"name":"wp","href":"https:\/\/api.w.org\/{rel}","templated":true}]}}