{"id":118763,"date":"2025-10-20T12:31:07","date_gmt":"2025-10-20T12:31:07","guid":{"rendered":"https:\/\/www.europesays.com\/pt\/118763\/"},"modified":"2025-10-20T12:31:07","modified_gmt":"2025-10-20T12:31:07","slug":"veem-os-filhos-uma-vez-por-semana","status":"publish","type":"post","link":"https:\/\/www.europesays.com\/pt\/118763\/","title":{"rendered":"Veem os filhos uma vez por semana&#8230;"},"content":{"rendered":"<p>Daniela Santos foi uma das ex-concorrentes que se pronunciou sobre a <a href=\"https:\/\/www.hiper.fm\/vera-perde-a-cabeca-e-agride-dylan-nas-minhas-filhas-tu-nao-voltas-a-tocar\/\" target=\"_blank\" rel=\"noopener nofollow\">agress\u00e3o de Vera a Dylan<\/a> na \u2018Cadeira Quente\u2019 que se seguiu \u00e0 gala do Secret Story 9 deste domingo, 19 de outubro.<\/p>\n<p>Na mensagem que deixou, a bailarina \u2018aplaudiu\u2019 a atitude da concorrente, mas come\u00e7ou por lamentar: \u201c<strong>Ontem vi uma mulher a ser v\u00edtima da mer*a que defendem e aplaudem nos \u00faltimos realities. E aplaudo-a eu. N\u00e3o que eu defenda a viol\u00eancia f\u00edsica, mas permitirem que se continue a usar o nome dos filhos porque \u00e9 giro levar algu\u00e9m ao limite n\u00e3o \u00e9 nada. \u00c9 nojento<\/strong>\u201c.<\/p>\n<p>Neste sentido, Daniela tamb\u00e9m recordou: \u201c<strong>No reality anterior a este, onde por acaso estive, voltei a falar disto porque o nome do meu filho foi proferido. Pedi em direto que se fizesse algo porque ficamos impotentes de mudar a situa\u00e7\u00e3o \u00e0 espera que os outros vivam mediante valores morais que deviam ser obrigat\u00f3rios em toda uma sociedade. Lamento que v\u00e1s ser expulsa Vera. Estou contigo. E entendo-te como ningu\u00e9m<\/strong>\u201c.<\/p>\n<p>Quem aproveitou a ocasi\u00e3o para se meter na conversa sobre a pol\u00e9mica agress\u00e3o foi Catarina Miranda, que recorreu \u00e0 rede social X (anterior Twitter) para lan\u00e7ar farpas: \u201c<strong>A Vera viu-se que \u00e9 uma m\u00e3e do cara\u00e7as, s\u00f3 tenho pena que agora venham ex-concorrentes queixar-se do mesmo, quando veem os filhos uma vez por semana para colocarem fotos no Insta e sa\u00edrem para a noite para\u2026<\/strong>\u201c.<\/p>\n<p>Atrav\u00e9s da sec\u00e7\u00e3o de coment\u00e1rios, o alvo da \u2018boca\u2019 de Catarina foi rapidamente identificado: \u201c<strong>Deixa a Daniela em paz, Catarina<\/strong>\u201c, \u201c<strong>Tinhas de usar esta situa\u00e7\u00e3o para falares de outras pessoas. N\u00e3o mudas mesmo, que reles. \u00c9 por essas e por outras que nunca vais aguentar ou ter um lugar de destaque em televis\u00e3o<\/strong>\u201d ou \u201c<strong>Querem comparar o incompar\u00e1vel: enquanto a Miranda s\u00f3 disse em direto que o filho aquela hora devia de estar a ver o canal Panda, ontem o Dylan disse os filhos da Vera devem ter vergonha dela<\/strong>\u201c.<\/p>\n<p>Veja em baixo:<\/p>\n<p><img loading=\"lazy\" decoding=\"async\" class=\"alignnone wp-image-644848\" src=\"https:\/\/www.europesays.com\/pt\/wp-content\/uploads\/2025\/10\/Screenshot_20251020_122243_Instagram.jpg\" alt=\"\" width=\"750\" height=\"1308\"  \/><\/p>\n<blockquote class=\"twitter-tweet\">\n<p dir=\"ltr\" lang=\"pt\">A Vera viu se que \u00e9 uma m\u00e3e do cara\u00e7as , s\u00f3 tenho pena que agora venham ex concorrentes queixar se do mesmo quando veem os filhos uma vez por semana para colocarem fotos no insta e sa\u00edrem para a noite para\u2026 <a href=\"https:\/\/twitter.com\/hashtag\/sstvi?src=hash&amp;ref_src=twsrc%5Etfw\" rel=\"nofollow noopener\" target=\"_blank\">#sstvi<\/a><\/p>\n<p>\u2014 Catarina Miranda (@catarinabb24) <a href=\"https:\/\/twitter.com\/catarinabb24\/status\/1980226082285789315?ref_src=twsrc%5Etfw\" rel=\"nofollow noopener\" target=\"_blank\">October 20, 2025<\/a><\/p>\n<\/blockquote>\n<p>\t\t\t\t\t\t\t\t\t\t\t\t\t\t\t\t\t\t\t\t\t\t\t\t\t\t\t<script async src=\"https:\/\/platform.twitter.com\/widgets.js\" charset=\"utf-8\"><\/script><\/p>\n","protected":false},"excerpt":{"rendered":"Daniela Santos foi uma das ex-concorrentes que se pronunciou sobre a agress\u00e3o de Vera a Dylan na \u2018Cadeira&hellip;\n","protected":false},"author":2,"featured_media":118764,"comment_status":"","ping_status":"","sticky":false,"template":"","format":"standard","meta":{"footnotes":""},"categories":[142],"tags":[9048,342,1397,114,115,1870,32,33,151],"class_list":{"0":"post-118763","1":"post","2":"type-post","3":"status-publish","4":"format-standard","5":"has-post-thumbnail","7":"category-tv","8":"tag-boca","9":"tag-catarina-miranda","10":"tag-daniela-santos","11":"tag-entertainment","12":"tag-entretenimento","13":"tag-filhos","14":"tag-portugal","15":"tag-pt","16":"tag-tv"},"share_on_mastodon":{"url":"https:\/\/pubeurope.com\/@pt\/115406509554807874","error":""},"_links":{"self":[{"href":"https:\/\/www.europesays.com\/pt\/wp-json\/wp\/v2\/posts\/118763","targetHints":{"allow":["GET"]}}],"collection":[{"href":"https:\/\/www.europesays.com\/pt\/wp-json\/wp\/v2\/posts"}],"about":[{"href":"https:\/\/www.europesays.com\/pt\/wp-json\/wp\/v2\/types\/post"}],"author":[{"embeddable":true,"href":"https:\/\/www.europesays.com\/pt\/wp-json\/wp\/v2\/users\/2"}],"replies":[{"embeddable":true,"href":"https:\/\/www.europesays.com\/pt\/wp-json\/wp\/v2\/comments?post=118763"}],"version-history":[{"count":0,"href":"https:\/\/www.europesays.com\/pt\/wp-json\/wp\/v2\/posts\/118763\/revisions"}],"wp:featuredmedia":[{"embeddable":true,"href":"https:\/\/www.europesays.com\/pt\/wp-json\/wp\/v2\/media\/118764"}],"wp:attachment":[{"href":"https:\/\/www.europesays.com\/pt\/wp-json\/wp\/v2\/media?parent=118763"}],"wp:term":[{"taxonomy":"category","embeddable":true,"href":"https:\/\/www.europesays.com\/pt\/wp-json\/wp\/v2\/categories?post=118763"},{"taxonomy":"post_tag","embeddable":true,"href":"https:\/\/www.europesays.com\/pt\/wp-json\/wp\/v2\/tags?post=118763"}],"curies":[{"name":"wp","href":"https:\/\/api.w.org\/{rel}","templated":true}]}}