{"id":118783,"date":"2025-10-20T12:44:17","date_gmt":"2025-10-20T12:44:17","guid":{"rendered":"https:\/\/www.europesays.com\/pt\/118783\/"},"modified":"2025-10-20T12:44:17","modified_gmt":"2025-10-20T12:44:17","slug":"neabi-da-ufal-prepara-varias-atracoes-para-a-11a-bienal-do-livro-de-alagoas-noticias","status":"publish","type":"post","link":"https:\/\/www.europesays.com\/pt\/118783\/","title":{"rendered":"Neabi da Ufal prepara v\u00e1rias atra\u00e7\u00f5es para a 11\u00aa Bienal do Livro de Alagoas \u2014 Not\u00edcias"},"content":{"rendered":"<p>Seguem a todo vapor os preparativos para a 11\u00aa Bienal Internacional do Livro de Alagoas e o N\u00facleo de Estudos Afrobrasileiros e Ind\u00edgenas (Neabi) da Universidade Federal de Alagoas (Ufal) montou uma programa\u00e7\u00e3o especial com exposi\u00e7\u00e3o fotogr\u00e1fica, rodas de conversa, minicursos, lan\u00e7amentos de livros e muito mais entre os dias 1\u00ba e 3 de novembro. A entrada, voc\u00ea j\u00e1 sabe, \u00e9 franca.<\/p>\n<p>A programa\u00e7\u00e3o do Neabi ter\u00e1 in\u00edcio j\u00e1 no dia 1\u00ba de novembro, a partir das 9h, com a exposi\u00e7\u00e3o fotogr\u00e1fica O que a terra nos mostra (Ay d\u00f3 ay radd\u00e1 yet\u00e7\u00e3nd\u00e9 pemy), com a professora do Campus de Engenharias e Ci\u00eancias Agr\u00e1rias (Ceca), Regla Toujaguez. Na parte da tarde, das 13h30 \u00e0s 15h30, \u00e9 vez do minicurso Folhas sagradas: entre mem\u00f3rias, saberes e afetos, com Luana Pires.<\/p>\n<p>No mesmo dia, mas na parte da noite, das 18h \u00e0s 21h, o Neabi traz uma roda de conversa intitulada Educa\u00e7\u00e3o escolar ind\u00edgena, seguida de lan\u00e7amento da cartilha Di\u00e1logos intergeracionais Xucuru-Kariri: alfabetizando com plantas medicinais na Mata da Cafurna (Koram Xucuru-Kariri e Suzana Libardi), coordenada por Mayk Nascimento e a entrada do T\u00edtulo de Doutor Honoris Causa para o professor Zezito Ara\u00fajo, \u00e0s 19h, no audit\u00f3rio 1 do Centro de Conven\u00e7\u00f5es.<\/p>\n<p>No domingo (2), a programa\u00e7\u00e3o tem in\u00edcio \u00e0s 9h com a roda de conversa Mulheres de Ax\u00e9: entre mitos e saberes ancestrais, com a professora e vice-coordenadora do Neabi, Rosa Correia, e Rosiane Martins, Erielly Silva e alunos do 4\u00ba per\u00edodo de Rela\u00e7\u00f5es P\u00fablicas da Ufal.<\/p>\n<p>Na faixa vespertina, \u00e0s 13h30, outra roda intitulada Escreviv\u00eancias de EJAI da Escola Municipal H\u00e9via Val\u00e9ria Maia Amorim, tamb\u00e9m com a professora Rosa Correia e os estudantes Vit\u00f3ria Santos, Adriana Rocha do 3\u00ba e 4\u00ba per\u00edodos de Rela\u00e7\u00f5es P\u00fablicas da Ufal. J\u00e1 \u00e0s 16h15, \u00e9 a vez do CineDebate que exibe o document\u00e1rio Am\u00edlcar Cabral: cora\u00e7\u00e3o pan-africano e revolucion\u00e1rio, com Vagner Bijag\u00f3, coordenador do Neabi no Campus do Sert\u00e3o.<\/p>\n<p>Na faixa noturna, o Neabi prepara o lan\u00e7amento de livros, tais como Os Golpes Militares na Guin\u00e9-Bissau: a luta pelo poder no ch\u00e3o de Cabral, de Vagner Bijag\u00f3;\u00a0\u00a0Dossi\u00ea Capoeira, de Danilo Marques e Mayk\u00a0Nascimento; Experi\u00eancias de ensino de Hist\u00f3ria Afro-brasileira e rela\u00e7\u00f5es raciais, de Danilo Marques.<\/p>\n<p>A programa\u00e7\u00e3o continua na segunda (3) a partir das 9h com a mesa-redonda Di\u00e1logos transatl\u00e2nticos: docentes e discentes de pa\u00edses africanos na Ufal, com Marli Araujo; das 13h \u00e0s 16h, a roda de conversa Trajet\u00f3rias de mulheres afro-alagoanas na cultura e na arte, com Angela Bahia, Rosa Correia, Beatriz Nobre e alunos do 3\u00ba per\u00edodo de Rela\u00e7\u00f5es P\u00fablicas da Ufal e por fim, das 16h15 \u00e0s 18h45, a roda de conversa Aldeias e Quilombos, com Marli Araujo.<\/p>\n<p><strong>Sobre a Bienal<\/strong><\/p>\n<p>A 11\u00aa Bienal Internacional do Livro de Alagoas \u00e9 realizada pela Universidade Federal de Alagoas e pelo governo de Alagoas, com correaliza\u00e7\u00e3o da Funda\u00e7\u00e3o Universit\u00e1ria de Desenvolvimento de Extens\u00e3o e Pesquisa (Fundepes) e patroc\u00ednio do Senac e do Sebrae Alagoas.<\/p>\n<p>Sob a curadoria do professor Eraldo Ferraz, diretor da Edufal, o maior evento cultural e liter\u00e1rio do estado tamb\u00e9m tem como parceiros a plataforma de eventos Doity, a rede de Hot\u00e9is Ponta Verde, o Sesc, a Prefeitura de Macei\u00f3 e o Instituto Federal de Alagoas (Ifal), al\u00e9m das secretarias de Estado da Cultura e Economia Criativa (Secult), de Turismo (Setur) e de Comunica\u00e7\u00e3o (Secom) de Alagoas.<\/p>\n<p>Acompanhe as novidades da Bienal 2025 por meio do site oficial\u00a0<a href=\"https:\/\/bienal.ufal.br\/2025\" rel=\"nofollow noopener\" target=\"_blank\"><strong>bienal.ufal.br\/2025<\/strong><\/a>\u00a0e tamb\u00e9m pelas redes sociais com o perfil @\u200c<strong>bienaldealagoas<\/strong> no Instagram, Threads e Facebook.<\/p>\n","protected":false},"excerpt":{"rendered":"Seguem a todo vapor os preparativos para a 11\u00aa Bienal Internacional do Livro de Alagoas e o N\u00facleo&hellip;\n","protected":false},"author":2,"featured_media":118784,"comment_status":"","ping_status":"","sticky":false,"template":"","format":"standard","meta":{"footnotes":""},"categories":[143],"tags":[169,114,115,170,32,33],"class_list":{"0":"post-118783","1":"post","2":"type-post","3":"status-publish","4":"format-standard","5":"has-post-thumbnail","7":"category-livros","8":"tag-books","9":"tag-entertainment","10":"tag-entretenimento","11":"tag-livros","12":"tag-portugal","13":"tag-pt"},"share_on_mastodon":{"url":"https:\/\/pubeurope.com\/@pt\/115406560677036776","error":""},"_links":{"self":[{"href":"https:\/\/www.europesays.com\/pt\/wp-json\/wp\/v2\/posts\/118783","targetHints":{"allow":["GET"]}}],"collection":[{"href":"https:\/\/www.europesays.com\/pt\/wp-json\/wp\/v2\/posts"}],"about":[{"href":"https:\/\/www.europesays.com\/pt\/wp-json\/wp\/v2\/types\/post"}],"author":[{"embeddable":true,"href":"https:\/\/www.europesays.com\/pt\/wp-json\/wp\/v2\/users\/2"}],"replies":[{"embeddable":true,"href":"https:\/\/www.europesays.com\/pt\/wp-json\/wp\/v2\/comments?post=118783"}],"version-history":[{"count":0,"href":"https:\/\/www.europesays.com\/pt\/wp-json\/wp\/v2\/posts\/118783\/revisions"}],"wp:featuredmedia":[{"embeddable":true,"href":"https:\/\/www.europesays.com\/pt\/wp-json\/wp\/v2\/media\/118784"}],"wp:attachment":[{"href":"https:\/\/www.europesays.com\/pt\/wp-json\/wp\/v2\/media?parent=118783"}],"wp:term":[{"taxonomy":"category","embeddable":true,"href":"https:\/\/www.europesays.com\/pt\/wp-json\/wp\/v2\/categories?post=118783"},{"taxonomy":"post_tag","embeddable":true,"href":"https:\/\/www.europesays.com\/pt\/wp-json\/wp\/v2\/tags?post=118783"}],"curies":[{"name":"wp","href":"https:\/\/api.w.org\/{rel}","templated":true}]}}