{"id":118799,"date":"2025-10-20T12:55:28","date_gmt":"2025-10-20T12:55:28","guid":{"rendered":"https:\/\/www.europesays.com\/pt\/118799\/"},"modified":"2025-10-20T12:55:28","modified_gmt":"2025-10-20T12:55:28","slug":"alguem-traga-ruben-amorim-para-a-mesa-quero-beija-lo","status":"publish","type":"post","link":"https:\/\/www.europesays.com\/pt\/118799\/","title":{"rendered":"\u00abAlgu\u00e9m traga Ruben Amorim para a mesa, quero beij\u00e1-lo!\u00bb"},"content":{"rendered":"<p>&#8211; Advertisement &#8211;<\/p>\n<p>Peter Schmeichel demonstrou toda a sua felicidade e entusiasmo com a <a href=\"https:\/\/bolanarede.pt\/especial-bola-na-rede\/atualidade\/harry-maguire-da-a-vitoria-ao-manchester-united-frente-ao-liverpool\/\" target=\"_blank\" rel=\"noreferrer noopener nofollow\">vit\u00f3ria do Manchester United frente ao Liverpool por 2-1<\/a>, neste domingo. Ap\u00f3s o jogo, o antigo guarda-redes comentou a partida e pareceu estar particularmente feliz com <a href=\"https:\/\/bolanarede.pt\/etiqueta\/ruben-amorim\/\" target=\"_blank\" rel=\"noreferrer noopener nofollow\">Ruben Amorim<\/a>.<\/p>\n<p>O hist\u00f3rico guardi\u00e3o dinamarqu\u00eas, na revis\u00e3o do jogo, disse: \u00abAlgu\u00e9m traga Ruben Amorim para a mesa, quero beij\u00e1-lo!\u00bb.<\/p>\n<p>Esta n\u00e3o \u00e9 a primeira vez que <a href=\"https:\/\/bolanarede.pt\/etiqueta\/peter-schmeichel\/\" target=\"_blank\" rel=\"noreferrer noopener nofollow\">Peter Schmeichel <\/a>elogia o treinador portugu\u00eas, tendo sido nos \u00faltimos tempos um dos seus principais defensores. Na temporada passada, foi uma voz otimista quando o t\u00e9cnico assumiu o cargo, <a href=\"https:\/\/bolanarede.pt\/especial-bola-na-rede\/atualidade\/peter-schmeichel-sobre-ruben-amorim-era-o-que-precisavamos-um-jovem-duro-sem-medo-de-decisoes-arriscadas-e-muito-claro\/\" rel=\"nofollow noopener\" target=\"_blank\">dizendo que era o homem certo<\/a>.<\/p>\n","protected":false},"excerpt":{"rendered":"&#8211; Advertisement &#8211; Peter Schmeichel demonstrou toda a sua felicidade e entusiasmo com a vit\u00f3ria do Manchester United&hellip;\n","protected":false},"author":2,"featured_media":118800,"comment_status":"","ping_status":"","sticky":false,"template":"","format":"standard","meta":{"footnotes":""},"categories":[8],"tags":[260,27,28,15,16,14,25,26,960,21,22,663,12,13,19,20,27652,32,666,23,24,33,1052,17,18,29,30,31],"class_list":{"0":"post-118799","1":"post","2":"type-post","3":"status-publish","4":"format-standard","5":"has-post-thumbnail","7":"category-principais-noticias","8":"tag-atualidade","9":"tag-breaking-news","10":"tag-breakingnews","11":"tag-featured-news","12":"tag-featurednews","13":"tag-headlines","14":"tag-latest-news","15":"tag-latestnews","16":"tag-liverpool","17":"tag-main-news","18":"tag-mainnews","19":"tag-manchester-united","20":"tag-news","21":"tag-noticias","22":"tag-noticias-principais","23":"tag-noticiasprincipais","24":"tag-peter-schmeichel","25":"tag-portugal","26":"tag-premier-league","27":"tag-principais-noticias","28":"tag-principaisnoticias","29":"tag-pt","30":"tag-ruben-amorim","31":"tag-top-stories","32":"tag-topstories","33":"tag-ultimas","34":"tag-ultimas-noticias","35":"tag-ultimasnoticias"},"share_on_mastodon":{"url":"https:\/\/pubeurope.com\/@pt\/115406603811027283","error":""},"_links":{"self":[{"href":"https:\/\/www.europesays.com\/pt\/wp-json\/wp\/v2\/posts\/118799","targetHints":{"allow":["GET"]}}],"collection":[{"href":"https:\/\/www.europesays.com\/pt\/wp-json\/wp\/v2\/posts"}],"about":[{"href":"https:\/\/www.europesays.com\/pt\/wp-json\/wp\/v2\/types\/post"}],"author":[{"embeddable":true,"href":"https:\/\/www.europesays.com\/pt\/wp-json\/wp\/v2\/users\/2"}],"replies":[{"embeddable":true,"href":"https:\/\/www.europesays.com\/pt\/wp-json\/wp\/v2\/comments?post=118799"}],"version-history":[{"count":0,"href":"https:\/\/www.europesays.com\/pt\/wp-json\/wp\/v2\/posts\/118799\/revisions"}],"wp:featuredmedia":[{"embeddable":true,"href":"https:\/\/www.europesays.com\/pt\/wp-json\/wp\/v2\/media\/118800"}],"wp:attachment":[{"href":"https:\/\/www.europesays.com\/pt\/wp-json\/wp\/v2\/media?parent=118799"}],"wp:term":[{"taxonomy":"category","embeddable":true,"href":"https:\/\/www.europesays.com\/pt\/wp-json\/wp\/v2\/categories?post=118799"},{"taxonomy":"post_tag","embeddable":true,"href":"https:\/\/www.europesays.com\/pt\/wp-json\/wp\/v2\/tags?post=118799"}],"curies":[{"name":"wp","href":"https:\/\/api.w.org\/{rel}","templated":true}]}}