{"id":118801,"date":"2025-10-20T12:56:12","date_gmt":"2025-10-20T12:56:12","guid":{"rendered":"https:\/\/www.europesays.com\/pt\/118801\/"},"modified":"2025-10-20T12:56:12","modified_gmt":"2025-10-20T12:56:12","slug":"ana-castela-curte-domingo-com-os-pais-e-ze-felipe-bando-de-fofoqueiros-videos","status":"publish","type":"post","link":"https:\/\/www.europesays.com\/pt\/118801\/","title":{"rendered":"Ana Castela curte domingo com os pais e Z\u00e9 Felipe: &#8216;Bando de fofoqueiros&#8217;; v\u00eddeos"},"content":{"rendered":"\n<p class=\" content-text__container \" data-track-category=\"Link no Texto\" data-track-links=\"\"> No \u00faltimo dia 11, Ana declarou que ela e Z\u00e9 est\u00e3o se conhecendo melhor. A cantora realizou uma apresenta\u00e7\u00e3o em S\u00e3o Paulo e Z\u00e9 assistiu &#8216;escondidinho&#8217; dos bastidores. &#8220;A gente est\u00e1 se conhecendo e isso n\u00e3o d\u00e1 para negar, n\u00e9? A internet toda est\u00e1 sabendo&#8221;, admitiu a boiadeira. &#8220;E como eu j\u00e1 falei em uma entrevista, a internet \u00e9 de pular etapas. Aparece uma foto e &#8216;ah, Ana Castela e Z\u00e9 Felipe j\u00e1 est\u00e3o namorando&#8217;. A gente est\u00e1 se conhecendo, n\u00e3o vamos pular etapas e a internet tem a opini\u00e3o dela, mas vou te falar: est\u00e1 sendo muito legal. O Z\u00e9 sou eu de saia e eu sou ele de cal\u00e7a&#8221;, brincou, em entrevista ao jornalista Lucas Pasin. <\/p>\n","protected":false},"excerpt":{"rendered":"No \u00faltimo dia 11, Ana declarou que ela e Z\u00e9 est\u00e3o se conhecendo melhor. A cantora realizou uma&hellip;\n","protected":false},"author":2,"featured_media":118802,"comment_status":"","ping_status":"","sticky":false,"template":"","format":"standard","meta":{"footnotes":""},"categories":[145],"tags":[13762,211,210,114,115,32,33,1445],"class_list":{"0":"post-118801","1":"post","2":"type-post","3":"status-publish","4":"format-standard","5":"has-post-thumbnail","7":"category-celebridades","8":"tag-ana-castela","9":"tag-celebridades","10":"tag-celebrities","11":"tag-entertainment","12":"tag-entretenimento","13":"tag-portugal","14":"tag-pt","15":"tag-ze-felipe"},"share_on_mastodon":{"url":"https:\/\/pubeurope.com\/@pt\/115406607837924724","error":""},"_links":{"self":[{"href":"https:\/\/www.europesays.com\/pt\/wp-json\/wp\/v2\/posts\/118801","targetHints":{"allow":["GET"]}}],"collection":[{"href":"https:\/\/www.europesays.com\/pt\/wp-json\/wp\/v2\/posts"}],"about":[{"href":"https:\/\/www.europesays.com\/pt\/wp-json\/wp\/v2\/types\/post"}],"author":[{"embeddable":true,"href":"https:\/\/www.europesays.com\/pt\/wp-json\/wp\/v2\/users\/2"}],"replies":[{"embeddable":true,"href":"https:\/\/www.europesays.com\/pt\/wp-json\/wp\/v2\/comments?post=118801"}],"version-history":[{"count":0,"href":"https:\/\/www.europesays.com\/pt\/wp-json\/wp\/v2\/posts\/118801\/revisions"}],"wp:featuredmedia":[{"embeddable":true,"href":"https:\/\/www.europesays.com\/pt\/wp-json\/wp\/v2\/media\/118802"}],"wp:attachment":[{"href":"https:\/\/www.europesays.com\/pt\/wp-json\/wp\/v2\/media?parent=118801"}],"wp:term":[{"taxonomy":"category","embeddable":true,"href":"https:\/\/www.europesays.com\/pt\/wp-json\/wp\/v2\/categories?post=118801"},{"taxonomy":"post_tag","embeddable":true,"href":"https:\/\/www.europesays.com\/pt\/wp-json\/wp\/v2\/tags?post=118801"}],"curies":[{"name":"wp","href":"https:\/\/api.w.org\/{rel}","templated":true}]}}