{"id":118803,"date":"2025-10-20T12:57:12","date_gmt":"2025-10-20T12:57:12","guid":{"rendered":"https:\/\/www.europesays.com\/pt\/118803\/"},"modified":"2025-10-20T12:57:12","modified_gmt":"2025-10-20T12:57:12","slug":"louvre-vai-continuar-fechado-apos-assalto-observador","status":"publish","type":"post","link":"https:\/\/www.europesays.com\/pt\/118803\/","title":{"rendered":"Louvre vai continuar fechado ap\u00f3s assalto \u2013 Observador"},"content":{"rendered":"<p>Depois de um dia fechado, devido ao roubo de v\u00e1rias joias de valor \u201cincalcul\u00e1vel\u201d, come\u00e7aram a formar-se longas filas para entrar no Museu do Louvre, o mais movimentado do mundo e que diariamente recebe milhares de pessoas. As multid\u00f5es de pessoas \u2014 num cen\u00e1rio habitual que se repete todos os dias na capital francesa \u2014 foram dececionadas com o an\u00fancio do museu: afinal, ir\u00e1 continuar encerrado ainda esta segunda-feira.<\/p>\n<p>\u201cO Museu do Louvre vai permanecer fechado hoje por raz\u00f5es excecionais. Todas as reservas para a data de hoje v\u00e3o ser reembolsadas. Pedimos desculpa pelo inc\u00f3modo\u201d, pode ler-se numa mensagem publicada no \u2018site\u2019 do museu.<\/p>\n<p>Um grupo de quatro homens roubou joias no domingo de manh\u00e3 utilizando um empilhador estacionado na margem do rio Sena, fazendo-o subir at\u00e9 \u00e0 altura de uma janela do primeiro andar do museu. O grupo levou oito joias \u201cde inestim\u00e1vel valor patrimonial\u201d da Galeria Apollo depois de partirem os vidros da janela. Entre os bens roubados est\u00e3o a coroa da imperatriz Eug\u00e9nia (mulher de Napole\u00e3o III, imperador de 1852 a 1870) e dois colares, disse no domingo o Minist\u00e9rio da Cultura franc\u00eas.<\/p>\n<p>O minist\u00e9rio da Cultura disse, mais tarde, que a coroa da imperatriz foi deixada para tr\u00e1s durante a fuga dos assaltantes e encontra-se a ser avaliado.<\/p>\n<p>24 horas depois do roubo impressionante que decorreu em plena luz do dia, quando o museu abria portas, os quatro criminosos continuam em fuga \u2014 dois deles subiram o elevador de carga at\u00e9 ao primeiro piso e outros dois ficaram do lado de fora, cada um com uma scooter, na rua colada ao rio Sena.<\/p>\n<p>Assim que os assaltantes conseguiram escapar pela janela que pouco tempo antes partiram, desceram e fugiram com os dois ladr\u00f5es que os esperavam. Para passarem mais despercebidos, os quatro vestiram coletes refletores amarelos, de forma a serem reconhecidos como trabalhadores das obras que decorriam naquela parte do edif\u00edcio.<\/p>\n<p>Tudo decorreu em apenas sete minutos, segundo o ministro da Administra\u00e7\u00e3o Interna franc\u00eas, e o alvo estava bem definido: a Galeria de Apollon. O momento em que tentaram quebrar um vidro para levar uma das joias foi captado por um visitante que tinha entrado h\u00e1 pouco tempo no museu, que abre \u00e0s 9h.<\/p>\n<p>O v\u00eddeo, partilhado pela <a href=\"https:\/\/www.bfmtv.com\/police-justice\/bijoux-voles-auteurs-recherches-ce-que-l-on-sait-sur-le-spectaculaire-cambriolage-au-musee-du-louvre_AV-202510190343.html\" rel=\"nofollow noopener\" target=\"_blank\">BFMTV<\/a>, mostra um dos ladr\u00f5es, com o colete refletor amarelo, a tentar roubar uma joia.<\/p>\n<blockquote class=\"twitter-tweet\" data-width=\"500\" data-dnt=\"true\">\n<p lang=\"fr\" dir=\"ltr\">Les images du cambriolage du Louvre (document BFMTV) <a href=\"https:\/\/t.co\/FciPpaXTMA\" rel=\"nofollow\">pic.twitter.com\/FciPpaXTMA<\/a><\/p>\n<p>\u2014 BFMTV (@BFMTV) <a href=\"https:\/\/twitter.com\/BFMTV\/status\/1979937331399233659?ref_src=twsrc%5Etfw\" rel=\"nofollow noopener\" target=\"_blank\">October 19, 2025<\/a><\/p>\n<\/blockquote>\n<p>O\u00a0ministro da Justi\u00e7a\u00a0franc\u00eas, G\u00e9rald Darmanin, disse esta segunda-feira que as autoridades falharam ao n\u00e3o impedirem o roubo no Museu Louvre no domingo, mostrando uma imagem \u201cmuito negativa\u201d da Fran\u00e7a. \u201cO certo \u00e9 que falh\u00e1mos\u201d, disse o ministro da Justi\u00e7a \u00e0 r\u00e1dio France Inter quando questionado sobre o roubo no Museu do Louvre, no centro de Paris.<\/p>\n<p>O ministro da Justi\u00e7a acrescentou que os autores do crime foram capazes de colocar uma placa elevat\u00f3ria de carga na via p\u00fablica roubando joias de valor inestim\u00e1vel, dando uma imagem \u201cdeplor\u00e1vel\u201d da Fran\u00e7a.<\/p>\n<p>O ministro franc\u00eas da Administra\u00e7\u00e3o Interna, Laurent Nu\u00f1ez, vai refor\u00e7ar medidas de seguran\u00e7a em todos os estabelecimentos culturais, anunciou esta segunda-feira a assessoria, ap\u00f3s um roubo de j\u00f3ias no Museu do Louvre, em Paris. A decis\u00e3o foi tomada ap\u00f3s reuni\u00e3o com a sua colega de governo com a pasta da Cultura, Rachida Dati, adiantou a mesma fonte ministerial, citada pela ag\u00eancia noticiosa francesa AFP.<\/p>\n<p>            <script async src=\"https:\/\/platform.twitter.com\/widgets.js\" charset=\"utf-8\"><\/script><\/p>\n","protected":false},"excerpt":{"rendered":"Depois de um dia fechado, devido ao roubo de v\u00e1rias joias de valor \u201cincalcul\u00e1vel\u201d, come\u00e7aram a formar-se longas&hellip;\n","protected":false},"author":2,"featured_media":118804,"comment_status":"","ping_status":"","sticky":false,"template":"","format":"standard","meta":{"footnotes":""},"categories":[144],"tags":[207,205,206,203,201,202,315,204,114,115,445,2104,62,17544,2458,32,33],"class_list":{"0":"post-118803","1":"post","2":"type-post","3":"status-publish","4":"format-standard","5":"has-post-thumbnail","7":"category-arte-e-design","8":"tag-arte","9":"tag-arte-e-design","10":"tag-artedesign","11":"tag-arts","12":"tag-arts-and-design","13":"tag-artsanddesign","14":"tag-cultura","15":"tag-design","16":"tag-entertainment","17":"tag-entretenimento","18":"tag-europa","19":"tag-franu00e7a","20":"tag-mundo","21":"tag-museus","22":"tag-paris","23":"tag-portugal","24":"tag-pt"},"share_on_mastodon":{"url":"https:\/\/pubeurope.com\/@pt\/115406611760172948","error":""},"_links":{"self":[{"href":"https:\/\/www.europesays.com\/pt\/wp-json\/wp\/v2\/posts\/118803","targetHints":{"allow":["GET"]}}],"collection":[{"href":"https:\/\/www.europesays.com\/pt\/wp-json\/wp\/v2\/posts"}],"about":[{"href":"https:\/\/www.europesays.com\/pt\/wp-json\/wp\/v2\/types\/post"}],"author":[{"embeddable":true,"href":"https:\/\/www.europesays.com\/pt\/wp-json\/wp\/v2\/users\/2"}],"replies":[{"embeddable":true,"href":"https:\/\/www.europesays.com\/pt\/wp-json\/wp\/v2\/comments?post=118803"}],"version-history":[{"count":0,"href":"https:\/\/www.europesays.com\/pt\/wp-json\/wp\/v2\/posts\/118803\/revisions"}],"wp:featuredmedia":[{"embeddable":true,"href":"https:\/\/www.europesays.com\/pt\/wp-json\/wp\/v2\/media\/118804"}],"wp:attachment":[{"href":"https:\/\/www.europesays.com\/pt\/wp-json\/wp\/v2\/media?parent=118803"}],"wp:term":[{"taxonomy":"category","embeddable":true,"href":"https:\/\/www.europesays.com\/pt\/wp-json\/wp\/v2\/categories?post=118803"},{"taxonomy":"post_tag","embeddable":true,"href":"https:\/\/www.europesays.com\/pt\/wp-json\/wp\/v2\/tags?post=118803"}],"curies":[{"name":"wp","href":"https:\/\/api.w.org\/{rel}","templated":true}]}}