{"id":118805,"date":"2025-10-20T12:58:46","date_gmt":"2025-10-20T12:58:46","guid":{"rendered":"https:\/\/www.europesays.com\/pt\/118805\/"},"modified":"2025-10-20T12:58:46","modified_gmt":"2025-10-20T12:58:46","slug":"fcc-fundacao-catarinense-de-cultura-10","status":"publish","type":"post","link":"https:\/\/www.europesays.com\/pt\/118805\/","title":{"rendered":"FCC &#8211; Funda\u00e7\u00e3o Catarinense de Cultura"},"content":{"rendered":"<dl class=\"article-info\">\n<dt class=\"article-info-term\">Detalhes<\/dt>\n<dd class=\"published\">\n<p>\t\t\t\t\t\t\t\t\t\t\tPublicado: 27 Junho 2025\n\t\t\t\t\t\t\t\t\t<\/dd>\n<\/dl>\n<p>\t\t\t\t\t<img decoding=\"async\" src=\"https:\/\/www.europesays.com\/pt\/wp-content\/uploads\/2025\/08\/Design_sem_nome_25.jpg\" alt=\"\"\/><\/p>\n<p>Estar\u00e3o abertas, da 0h01 de 28 de junho \u00e0s 23h59 de 15 de agosto de 2025, as inscri\u00e7\u00f5es para o Edital de Aquisi\u00e7\u00e3o de Livros da Funda\u00e7\u00e3o Catarinense de Cultura, para serem distribu\u00eddos gratuitamente \u00e0s bibliotecas p\u00fablicas municipais do estado e \u00e0 Biblioteca P\u00fablica de Santa Catarina. Promovido por meio da Comiss\u00e3o Catarinense do Livro (COCALI), o concurso tem inscri\u00e7\u00f5es gratuitas, que dever\u00e3o ser realizadas e enviadas exclusivamente no formato virtual por meio do site\u00a0<a href=\"https:\/\/aquisicaodelivros.fepese.org.br\/\" target=\"_blank\" rel=\"noopener nofollow\">aquisicaodelivros.fepese.org.br<\/a>.<\/p>\n<p>A sele\u00e7\u00e3o visa \u00e0 aquisi\u00e7\u00e3o de obras publicadas em formato impresso ou digital. Poder\u00e3o participar autores\/organizadores catarinenses ou residentes h\u00e1 mais de 10 anos no estado; e editoras sediadas, estabelecidas e com atua\u00e7\u00e3o no Brasil, que possuam os direitos de distribui\u00e7\u00e3o de obras de autores\/organizadores catarinenses ou residentes h\u00e1 mais de 10 anos em Santa Catarina.<\/p>\n<p>Os temas das obras est\u00e3o divididos em dois eixos. O de Fic\u00e7\u00e3o contempla as categorias Conto, Cr\u00f4nica, Poesia, Romance e Literatura Infantojuvenil. O de N\u00e3o Fic\u00e7\u00e3o contempla Artes, Cultura e Patrim\u00f4nio, Biografia e Hist\u00f3ria, e Sa\u00fade e Bem-Estar.<\/p>\n<p>No total, ser\u00e3o selecionadas 28 obras em suporte impresso, das quais ser\u00e3o adquiridos 150 exemplares cada. Al\u00e9m disso, ser\u00e3o selecionadas duas obras em suporte digital, das quais ser\u00e1 adquirido o direito de distribui\u00e7\u00e3o gratuita por 12 meses da obra, por meio de disponibiliza\u00e7\u00e3o em plataforma de leitura no site da Funda\u00e7\u00e3o Catarinense de Cultura.<\/p>\n<p>Somente ser\u00e3o aceitas inscri\u00e7\u00f5es de obras publicadas a partir do ano de 2021. Livros selecionados no Edital de Concurso para Aquisi\u00e7\u00e3o de Livros de 2024 ser\u00e3o desclassificados.<\/p>\n<p>Quaisquer informa\u00e7\u00f5es, d\u00favidas e\/ou esclarecimentos ser\u00e3o atendidos exclusivamente pelo e-mail Este endere\u00e7o de email est\u00e1 sendo protegido de spambots. Voc\u00ea precisa do JavaScript ativado para v\u00ea-lo., e devem ser enviadas at\u00e9 no m\u00e1ximo de tr\u00eas dias \u00fateis antes do encerramento do Edital, de acordo com o cronograma dispon\u00edvel na plataforma de inscri\u00e7\u00f5es.<\/p>\n","protected":false},"excerpt":{"rendered":"Detalhes Publicado: 27 Junho 2025 Estar\u00e3o abertas, da 0h01 de 28 de junho \u00e0s 23h59 de 15 de&hellip;\n","protected":false},"author":2,"featured_media":47807,"comment_status":"","ping_status":"","sticky":false,"template":"","format":"standard","meta":{"footnotes":""},"categories":[143],"tags":[207,169,14246,470,315,3144,114,115,170,209,150,32,33,3801,2387],"class_list":{"0":"post-118805","1":"post","2":"type-post","3":"status-publish","4":"format-standard","5":"has-post-thumbnail","7":"category-livros","8":"tag-arte","9":"tag-books","10":"tag-catarinense","11":"tag-cinema","12":"tag-cultura","13":"tag-danca","14":"tag-entertainment","15":"tag-entretenimento","16":"tag-livros","17":"tag-museu","18":"tag-musica","19":"tag-portugal","20":"tag-pt","21":"tag-santa-catarina","22":"tag-teatro"},"share_on_mastodon":{"url":"https:\/\/pubeurope.com\/@pt\/115406619525053289","error":""},"_links":{"self":[{"href":"https:\/\/www.europesays.com\/pt\/wp-json\/wp\/v2\/posts\/118805","targetHints":{"allow":["GET"]}}],"collection":[{"href":"https:\/\/www.europesays.com\/pt\/wp-json\/wp\/v2\/posts"}],"about":[{"href":"https:\/\/www.europesays.com\/pt\/wp-json\/wp\/v2\/types\/post"}],"author":[{"embeddable":true,"href":"https:\/\/www.europesays.com\/pt\/wp-json\/wp\/v2\/users\/2"}],"replies":[{"embeddable":true,"href":"https:\/\/www.europesays.com\/pt\/wp-json\/wp\/v2\/comments?post=118805"}],"version-history":[{"count":0,"href":"https:\/\/www.europesays.com\/pt\/wp-json\/wp\/v2\/posts\/118805\/revisions"}],"wp:featuredmedia":[{"embeddable":true,"href":"https:\/\/www.europesays.com\/pt\/wp-json\/wp\/v2\/media\/47807"}],"wp:attachment":[{"href":"https:\/\/www.europesays.com\/pt\/wp-json\/wp\/v2\/media?parent=118805"}],"wp:term":[{"taxonomy":"category","embeddable":true,"href":"https:\/\/www.europesays.com\/pt\/wp-json\/wp\/v2\/categories?post=118805"},{"taxonomy":"post_tag","embeddable":true,"href":"https:\/\/www.europesays.com\/pt\/wp-json\/wp\/v2\/tags?post=118805"}],"curies":[{"name":"wp","href":"https:\/\/api.w.org\/{rel}","templated":true}]}}