{"id":11881,"date":"2025-08-01T17:51:30","date_gmt":"2025-08-01T17:51:30","guid":{"rendered":"https:\/\/www.europesays.com\/pt\/11881\/"},"modified":"2025-08-01T17:51:30","modified_gmt":"2025-08-01T17:51:30","slug":"agencia-acuca-cria-experiencia-para-lancar-o-kindle-colorsoft-promoview","status":"publish","type":"post","link":"https:\/\/www.europesays.com\/pt\/11881\/","title":{"rendered":"Ag\u00eancia ACUCA cria experi\u00eancia para lan\u00e7ar o Kindle Colorsoft &#8211; Promoview"},"content":{"rendered":"<p>\t\t<img loading=\"lazy\" decoding=\"async\" width=\"1152\" height=\"768\" src=\"https:\/\/www.europesays.com\/pt\/wp-content\/uploads\/2025\/08\/Ambiente-02-1152x768.jpg\" alt=\"Sal\u00e3o de eventos em tons de rosa e roxo no lan\u00e7amento do Kindle Colorsoft no Brasil\" class=\"wp-image-411611\"  \/>Foto: Lu Prezia \/ Ag\u00eancia AR<\/p>\n<p>O desafio era claro: criar um storytelling sensorial que traduzisse o novo momento do Kindle, agora em cores. E a resposta veio em forma de uma noite memor\u00e1vel para influenciadores, jornalistas e parceiros estrat\u00e9gicos da marca, marcando o cap\u00edtulo nacional do an\u00fancio global da Amazon.<\/p>\n<blockquote class=\"instagram-media\" data-instgrm-permalink=\"https:\/\/www.instagram.com\/reel\/DMxZHxLOWLw\/?utm_source=ig_embed&amp;utm_campaign=loading\" data-instgrm-version=\"14\" style=\" background:#FFF; border:0; border-radius:3px; box-shadow:0 0 1px 0 rgba(0,0,0,0.5),0 1px 10px 0 rgba(0,0,0,0.15); margin: 1px; max-width:540px; min-width:326px; padding:0; width:99.375%; width:-webkit-calc(100% - 2px); width:calc(100% - 2px);\"\/>\n<p>Logo na entrada, os convidados percorreram um caminho passando pelo tapete azul e fl\u00e2mulas com frases sobre diferentes formas de sentir a leitura e a cor.\u00a0<\/p>\n<p><img loading=\"lazy\" decoding=\"async\" width=\"1152\" height=\"768\" src=\"https:\/\/www.europesays.com\/pt\/wp-content\/uploads\/2025\/08\/Lancamento-do-Kindle-Colorsoft-entrada-1152x768.jpg\" alt=\"Lan\u00e7amento do Kindle Colorsoft no Brasil\" class=\"wp-image-411612\"  \/>Foto: Lu Prezia \/ Ag\u00eancia AR<\/p>\n<p>Um mini document\u00e1rio de abertura do jantar, \u201cOs tons da vida\u201d, mostrou que cor n\u00e3o \u00e9 s\u00f3 interpreta\u00e7\u00e3o, \u00e9 sentimento, emo\u00e7\u00e3o e algo \u00fanico de cada indiv\u00edduo. O v\u00eddeo, produzido pela <a href=\"https:\/\/www.promoview.com.br\/tag\/amazon\/\" target=\"_blank\" rel=\"noreferrer noopener nofollow\">Amazon Brasil<\/a>, com concep\u00e7\u00e3o e roteiriza\u00e7\u00e3o da Fresh PR e finaliza\u00e7\u00e3o da Cerrado em Movimento Filmes, contou com a participa\u00e7\u00e3o de cinco personagens que levaram a plateia a uma jornada subjetiva e sensorial sobre as cores, entre eles: uma pessoa dalt\u00f4nica; artista pl\u00e1stica que presenteou o evento com suas obras; m\u00fasico que trouxe uma playlist exclusiva para o evento; estilista respons\u00e1vel pelos figurinos dos promotores do evento; pessoa cega que mostrou quanto as cores s\u00e3o sentidas, e n\u00e3o somente vistas.<\/p>\n<p>\u201cQuando o cliente convida a ag\u00eancia para participar das estrat\u00e9gias e confia na entrega proposta \u2014 em conjunto com PR jogando no mesmo time \u2014 conseguimos criar experi\u00eancias memor\u00e1veis, o projeto ganha for\u00e7a e os resultados deixam de ser metas para virarem conquistas. Amazon Brasil, Fresh&amp;PR e ACUCA trabalhando lado a lado foi a f\u00f3rmula que fez a diferen\u00e7a\u201d, refor\u00e7a <strong>Marcos Jr.<\/strong>, s\u00f3cio da <a href=\"https:\/\/acuca.com.br\/\" target=\"_blank\" rel=\"noreferrer noopener nofollow\">ag\u00eancia ACUCA<\/a>.<\/p>\n<p><img loading=\"lazy\" decoding=\"async\" width=\"1152\" height=\"768\" src=\"https:\/\/www.europesays.com\/pt\/wp-content\/uploads\/2025\/08\/AmazonKindleColorsof710de1517-1152x768.jpg\" alt=\"Prato servido durante o lan\u00e7amento do Kindle Colorsoft, da Amazon, no Brasil\" class=\"wp-image-411613\"  \/>Foto: Lu Prezia \/ Ag\u00eancia AR<\/p>\n<p>A noite seguiu com um jantar tem\u00e1tico assinado pela chef <strong>Daniela Salim<\/strong>, em que cada prato representava um cap\u00edtulo da hist\u00f3ria:<\/p>\n<ul class=\"wp-block-list\">\n<li><strong>Cap\u00edtulo 1 (Entrada):<\/strong> atmosfera monocrom\u00e1tica, em um estilo mais cl\u00e1ssico, representando o in\u00edcio dos dispositivos Kindle, ainda e preto e branco.<\/li>\n<li><strong>Cap\u00edtulo 2 (Prato principal):<\/strong> come\u00e7a a ganhar um pouco mais de cores e sabores em suas diferentes combina\u00e7\u00f5es.<\/li>\n<li><strong>Cap\u00edtulo 3 (Sobremesa):<\/strong> foi celebrada a explos\u00e3o de cores e sensa\u00e7\u00f5es. Uma sobremesa com cores vibrantes representando o novo universo Kindle Colorsoft \u2014 onde as hist\u00f3rias n\u00e3o apenas s\u00e3o lidas, mas sentidas.<\/li>\n<\/ul>\n<p>No cl\u00edmax da noite, exatamente quando a colorida sobremesa foi servida, uma cortina se abriu revelando um espa\u00e7o imersivo e super colorido, com ambienta\u00e7\u00e3o premium, ativa\u00e7\u00f5es para fotos e v\u00eddeos, e uma personaliza\u00e7\u00e3o em tempo real na capa do novo dispositivo com as iniciais dos convidados. O jogo de luzes de todo o ambiente tamb\u00e9m mudou simultaneamente \u00e0 abertura do novo espa\u00e7o, colorindo a noite com a paleta de Kindle Colorsoft.<\/p>\n<p><a data-fancybox=\"fancybox_688cd112c995a\" href=\"https:\/\/uploads.promoview.com.br\/2025\/07\/Personalizacao-Capas-Kindle-scaled.jpg\" data-caption=\"Foto: Lu Prezia\/ Ag\u00eancia AR\" rel=\"nofollow noopener\" target=\"_blank\"><img loading=\"lazy\" decoding=\"async\" width=\"512\" height=\"768\" data-id=\"411616\" src=\"https:\/\/www.europesays.com\/pt\/wp-content\/uploads\/2025\/08\/Personalizacao-Capas-Kindle-512x768.jpg\" alt=\"\" class=\"wp-image-411616\"  \/><\/a>Foto: Lu Prezia\/ Ag\u00eancia AR<\/p>\n<p><a data-fancybox=\"fancybox_688cd112c995a\" href=\"https:\/\/uploads.promoview.com.br\/2025\/07\/Novo-Kindle-Colorsoft-scaled.jpg\" data-caption=\"Foto: Lu Prezia\/ Ag\u00eancia AR\" rel=\"nofollow noopener\" target=\"_blank\"><img loading=\"lazy\" decoding=\"async\" width=\"512\" height=\"768\" data-id=\"411614\" src=\"https:\/\/www.europesays.com\/pt\/wp-content\/uploads\/2025\/08\/Novo-Kindle-Colorsoft-512x768.jpg\" alt=\"\" class=\"wp-image-411614\"  \/><\/a>Foto: Lu Prezia\/ Ag\u00eancia AR<\/p>\n<p><a data-fancybox=\"fancybox_688cd112c995a\" href=\"https:\/\/uploads.promoview.com.br\/2025\/07\/AnneDiza13de13-scaled.jpg\" data-caption=\"Foto: Lu Prezia\/ Ag\u00eancia AR\" rel=\"nofollow noopener\" target=\"_blank\"><img loading=\"lazy\" decoding=\"async\" width=\"512\" height=\"768\" data-id=\"411615\" src=\"https:\/\/www.europesays.com\/pt\/wp-content\/uploads\/2025\/08\/AnneDiza13de13-512x768.jpg\" alt=\"\" class=\"wp-image-411615\"  \/><\/a>Foto: Lu Prezia\/ Ag\u00eancia AR<\/p>\n<p>Ao final, cada participante foi presenteado com uma caixa em formato de livro, contendo o novo <strong>Kindle Colorsoft<\/strong>, criada exclusivamente pela <strong>ACUCA<\/strong> para a experi\u00eancia. A lista de presen\u00e7as estreladas no jantar teve assinatura da Ag\u00eancia AR, que apoiou o time Amazon com o seleto RSVP.<\/p>\n<p>\u201cA sensibilidade com a qual a ACUCA absorveu o briefing e trouxe a constru\u00e7\u00e3o de uma experi\u00eancia sensorial gastron\u00f4mica foi determinante para o nosso sucesso. Eventos de PR necessitam de uma abordagem focada em narrativa e em reverbera\u00e7\u00e3o da mensagem, e a experi\u00eancia cumpriu esses pap\u00e9is com genialidade\u201d, diz <strong>Ana Beatriz Schauff, CEO da Fresh PR<\/strong>, ag\u00eancia de comunica\u00e7\u00e3o para Amazon Dispositivos e Alexa no Brasil.<\/p>\n<p>\u201cO Kindle Colorsoft era um dos mais aguardados lan\u00e7amentos no Brasil, por leitores e f\u00e3s da marca de todo o pa\u00eds. Criamos uma campanha de impacto, com diversas frentes de PR, e o momento do jantar era fundamental para definir o tom que envolveria todo o an\u00fancio. Ficamos muito felizes com as entregas, refletidas nas intera\u00e7\u00f5es e publica\u00e7\u00f5es de nossos convidados\u201d, diz <strong>Venicius Gon\u00e7alves, PR manager de Amazon Dispositivos e Alexa no Brasil<\/strong>.\u00a0<\/p>\n<p><a data-fancybox=\"fancybox_688cd112cac02\" href=\"https:\/\/uploads.promoview.com.br\/2025\/07\/Ambiente-04-scaled.jpg\" data-caption=\"Foto: Lu Prezia\/ Ag\u00eancia AR\" rel=\"nofollow noopener\" target=\"_blank\"><img loading=\"lazy\" decoding=\"async\" width=\"512\" height=\"768\" data-id=\"411617\" src=\"https:\/\/www.europesays.com\/pt\/wp-content\/uploads\/2025\/08\/Ambiente-04-512x768.jpg\" alt=\"\" class=\"wp-image-411617\"  \/><\/a>Foto: Lu Prezia\/ Ag\u00eancia AR<\/p>\n<p><a data-fancybox=\"fancybox_688cd112cac02\" href=\"https:\/\/uploads.promoview.com.br\/2025\/07\/Ambiente-03-scaled.jpg\" data-caption=\"Foto: Lu Prezia\/ Ag\u00eancia AR\" rel=\"nofollow noopener\" target=\"_blank\"><img loading=\"lazy\" decoding=\"async\" width=\"512\" height=\"768\" data-id=\"411618\" src=\"https:\/\/www.europesays.com\/pt\/wp-content\/uploads\/2025\/08\/Ambiente-03-512x768.jpg\" alt=\"\" class=\"wp-image-411618\"  \/><\/a>Foto: Lu Prezia\/ Ag\u00eancia AR<\/p>\n<p>A <strong>ACUCA<\/strong> \u00e9 uma ag\u00eancia de brand experience com foco em experi\u00eancias, design e conte\u00fado e que vem crescendo em faturamento a cada ano. A ag\u00eancia tem atendido diversos clientes, entre eles: Havaianas, Eucerin, Netflix, Asics, Duracell, Amazon, Sephora, Coty, entre outros com projetos relevantes tanto para B2B quanto B2C.<\/p>\n<p>\t<script async src=\"\/\/www.instagram.com\/embed.js\"><\/script><\/p>\n","protected":false},"excerpt":{"rendered":"Foto: Lu Prezia \/ Ag\u00eancia AR O desafio era claro: criar um storytelling sensorial que traduzisse o novo&hellip;\n","protected":false},"author":2,"featured_media":11882,"comment_status":"","ping_status":"","sticky":false,"template":"","format":"standard","meta":{"footnotes":""},"categories":[143],"tags":[4991,514,169,114,115,513,170,4992,32,33],"class_list":{"0":"post-11881","1":"post","2":"type-post","3":"status-publish","4":"format-standard","5":"has-post-thumbnail","7":"category-livros","8":"tag-acuca","9":"tag-amazon","10":"tag-books","11":"tag-entertainment","12":"tag-entretenimento","13":"tag-kindle","14":"tag-livros","15":"tag-portfolio-da-acuca","16":"tag-portugal","17":"tag-pt"},"share_on_mastodon":{"url":"","error":""},"_links":{"self":[{"href":"https:\/\/www.europesays.com\/pt\/wp-json\/wp\/v2\/posts\/11881","targetHints":{"allow":["GET"]}}],"collection":[{"href":"https:\/\/www.europesays.com\/pt\/wp-json\/wp\/v2\/posts"}],"about":[{"href":"https:\/\/www.europesays.com\/pt\/wp-json\/wp\/v2\/types\/post"}],"author":[{"embeddable":true,"href":"https:\/\/www.europesays.com\/pt\/wp-json\/wp\/v2\/users\/2"}],"replies":[{"embeddable":true,"href":"https:\/\/www.europesays.com\/pt\/wp-json\/wp\/v2\/comments?post=11881"}],"version-history":[{"count":0,"href":"https:\/\/www.europesays.com\/pt\/wp-json\/wp\/v2\/posts\/11881\/revisions"}],"wp:featuredmedia":[{"embeddable":true,"href":"https:\/\/www.europesays.com\/pt\/wp-json\/wp\/v2\/media\/11882"}],"wp:attachment":[{"href":"https:\/\/www.europesays.com\/pt\/wp-json\/wp\/v2\/media?parent=11881"}],"wp:term":[{"taxonomy":"category","embeddable":true,"href":"https:\/\/www.europesays.com\/pt\/wp-json\/wp\/v2\/categories?post=11881"},{"taxonomy":"post_tag","embeddable":true,"href":"https:\/\/www.europesays.com\/pt\/wp-json\/wp\/v2\/tags?post=11881"}],"curies":[{"name":"wp","href":"https:\/\/api.w.org\/{rel}","templated":true}]}}