{"id":118812,"date":"2025-10-20T13:03:12","date_gmt":"2025-10-20T13:03:12","guid":{"rendered":"https:\/\/www.europesays.com\/pt\/118812\/"},"modified":"2025-10-20T13:03:12","modified_gmt":"2025-10-20T13:03:12","slug":"acidente-vascular-cerebral-avc-mata-uma-pessoa-a-cada-seis-minutos-no-brasil","status":"publish","type":"post","link":"https:\/\/www.europesays.com\/pt\/118812\/","title":{"rendered":"Acidente Vascular Cerebral AVC mata uma pessoa a cada seis minutos no Brasil"},"content":{"rendered":"<p>O acidente vascular cerebral (AVC), popularmente conhecido como derrame, figura atualmente como uma das principais causas de morte e incapacidade f\u00edsica no mundo. Dados da consultoria especializada em gest\u00e3o de sa\u00fade e custos hospitalares Planisa indicam que, a cada 6,5 minutos, uma pessoa morre em raz\u00e3o do AVC no pa\u00eds.<\/p>\n<p>Os n\u00fameros revelam ainda custos hospitalares relacionados ao tratamento do AVC no sistema de sa\u00fade brasileiro. Entre 2019 e setembro de 2024, foram contabilizadas 85.839 interna\u00e7\u00f5es, com perman\u00eancia m\u00e9dia de 7,9 dias por paciente, resultando em mais de 680 mil di\u00e1rias hospitalares.<\/p>\n<p>Desse total de di\u00e1rias, 25% foram em unidades de terapia intensiva (UTI) e 75% em enfermarias. No per\u00edodo analisado, os gastos acumulados chegaram a R$ 910,3 milh\u00f5es, sendo R$ 417,9 milh\u00f5es em di\u00e1rias cr\u00edticas e R$ 492,4 milh\u00f5es em di\u00e1rias n\u00e3o cr\u00edticas. Apenas em 2024, at\u00e9 setembro, o montante j\u00e1 ultrapassava R$ 197 milh\u00f5es.<\/p>\n<p>O levantamento mostra que, ao longo dos anos, houve crescimento constante dos custos, que praticamente dobraram entre 2019 e 2023, passando de R$ 92,3 milh\u00f5es para R$ 218,8 milh\u00f5es. O aumento acompanha a alta no n\u00famero de interna\u00e7\u00f5es por AVC, que saltou de 8.380 em 2019 para 21.061 em 2023.<\/p>\n<p>Entenda<br \/>De acordo com o Minist\u00e9rio da Sa\u00fade, o AVC acontece quando vasos que levam sangue ao c\u00e9rebro entopem ou se rompem, provocando a paralisia da \u00e1rea cerebral que ficou sem circula\u00e7\u00e3o sangu\u00ednea. O quadro acomete mais homens e, quanto mais r\u00e1pido for o diagn\u00f3stico e o tratamento, maiores as chances de recupera\u00e7\u00e3o.<\/p>\n<p>A pasta classifica como primordial estar atento a sinais e sintomas como confus\u00e3o mental; altera\u00e7\u00e3o da fala e da compreens\u00e3o; altera\u00e7\u00e3o na vis\u00e3o (em um ou em ambos os olhos); dor de cabe\u00e7a s\u00fabita, intensa e sem causa aparente; altera\u00e7\u00e3o do equil\u00edbrio, tontura ou altera\u00e7\u00e3o no andar; e fraqueza ou formigamento em um lado do corpo.<\/p>\n<p>O diagn\u00f3stico do AVC \u00e9 feito por meio de exames de imagem que permitem identificar a \u00e1rea do c\u00e9rebro afetada e o tipo do derrame cerebral \u2013 isqu\u00eamico ou hemorr\u00e1gico. A tomografia computadorizada de cr\u00e2nio, segundo o minist\u00e9rio, \u00e9 o m\u00e9todo mais utilizado para a avalia\u00e7\u00e3o inicial, demonstrando sinais precoces de isquemia.<\/p>\n<p>Os fatores de risco listados pela pasta incluem hipertens\u00e3o; diabetes tipo 2; colesterol alto; sobrepeso; obesidade; tabagismo; uso excessivo de \u00e1lcool; idade avan\u00e7ada; sedentarismo; uso de drogas il\u00edcitas; e hist\u00f3rico familiar, al\u00e9m de ser do sexo masculino.<br \/>Foto: T\u00e2nia R\u00eago\/Ag\u00eancia Brasil<a href=\"https:\/\/www.europesays.com\/pt\/wp-content\/uploads\/2025\/10\/1760965392_503_base_corpo_humano_jornalismo_0000327.jpg\"><img loading=\"lazy\" decoding=\"async\" src=\"https:\/\/www.europesays.com\/pt\/wp-content\/uploads\/2025\/10\/1760965392_503_base_corpo_humano_jornalismo_0000327.jpg\" alt=\"\" title=\"base_corpo_humano_jornalismo_0000327\" width=\"754\" height=\"424\" class=\"aligncenter size-full wp-image-76056\"\/><\/a><\/p>\n","protected":false},"excerpt":{"rendered":"O acidente vascular cerebral (AVC), popularmente conhecido como derrame, figura atualmente como uma das principais causas de morte&hellip;\n","protected":false},"author":2,"featured_media":118813,"comment_status":"","ping_status":"","sticky":false,"template":"","format":"standard","meta":{"footnotes":""},"categories":[86],"tags":[27658,27654,116,2513,27653,27656,27655,27657,32,33,117],"class_list":{"0":"post-118812","1":"post","2":"type-post","3":"status-publish","4":"format-standard","5":"has-post-thumbnail","7":"category-saude","8":"tag-gazeta","9":"tag-gazeta-de-palmeira","10":"tag-health","11":"tag-jornal","12":"tag-jornal-da-nossa-cidade","13":"tag-jornal-de-palmeira","14":"tag-noticias-de-palmeira","15":"tag-palmeira","16":"tag-portugal","17":"tag-pt","18":"tag-saude"},"share_on_mastodon":{"url":"https:\/\/pubeurope.com\/@pt\/115406635281844094","error":""},"_links":{"self":[{"href":"https:\/\/www.europesays.com\/pt\/wp-json\/wp\/v2\/posts\/118812","targetHints":{"allow":["GET"]}}],"collection":[{"href":"https:\/\/www.europesays.com\/pt\/wp-json\/wp\/v2\/posts"}],"about":[{"href":"https:\/\/www.europesays.com\/pt\/wp-json\/wp\/v2\/types\/post"}],"author":[{"embeddable":true,"href":"https:\/\/www.europesays.com\/pt\/wp-json\/wp\/v2\/users\/2"}],"replies":[{"embeddable":true,"href":"https:\/\/www.europesays.com\/pt\/wp-json\/wp\/v2\/comments?post=118812"}],"version-history":[{"count":0,"href":"https:\/\/www.europesays.com\/pt\/wp-json\/wp\/v2\/posts\/118812\/revisions"}],"wp:featuredmedia":[{"embeddable":true,"href":"https:\/\/www.europesays.com\/pt\/wp-json\/wp\/v2\/media\/118813"}],"wp:attachment":[{"href":"https:\/\/www.europesays.com\/pt\/wp-json\/wp\/v2\/media?parent=118812"}],"wp:term":[{"taxonomy":"category","embeddable":true,"href":"https:\/\/www.europesays.com\/pt\/wp-json\/wp\/v2\/categories?post=118812"},{"taxonomy":"post_tag","embeddable":true,"href":"https:\/\/www.europesays.com\/pt\/wp-json\/wp\/v2\/tags?post=118812"}],"curies":[{"name":"wp","href":"https:\/\/api.w.org\/{rel}","templated":true}]}}