{"id":118816,"date":"2025-10-20T13:13:09","date_gmt":"2025-10-20T13:13:09","guid":{"rendered":"https:\/\/www.europesays.com\/pt\/118816\/"},"modified":"2025-10-20T13:13:09","modified_gmt":"2025-10-20T13:13:09","slug":"cdu-recorre-ao-tribunal-constitucional-por-causa-de-contagem-de-votos-em-lisboa-autarquicas-2025","status":"publish","type":"post","link":"https:\/\/www.europesays.com\/pt\/118816\/","title":{"rendered":"CDU recorre ao Tribunal Constitucional por causa de contagem de votos em Lisboa | Aut\u00e1rquicas 2025"},"content":{"rendered":"<p>A CDU, coliga\u00e7\u00e3o que junta PCP e PEV, decidiu recorrer ao Tribunal Constitucional para que este aprecie decis\u00f5es tomadas durante o apuramento geral dos votos em Lisboa, depois de ter apresentado protestos relativos a discrep\u00e2ncias detectadas em v\u00e1rias mesas. A informa\u00e7\u00e3o foi divulgada pela CDU num comunicado enviado \u00e0s redac\u00e7\u00f5es esta manh\u00e3.<\/p>\n<p>Entre as situa\u00e7\u00f5es contestadas est\u00e3o diverg\u00eancias entre a acta e o edital de uma mesa de voto, bem como casos de votos considerados nulos em S\u00e3o Domingos de Benfica que, no entender da coliga\u00e7\u00e3o, exprimem de forma inequ\u00edvoca o sentido de voto dos eleitores. A CDU aponta ainda para a exist\u00eancia de crit\u00e9rios distintos na avalia\u00e7\u00e3o da validade dos votos entre diferentes for\u00e7as pol\u00edticas.<\/p>\n<p>O processo de contagem da vota\u00e7\u00e3o nas elei\u00e7\u00f5es para a C\u00e2mara de Lisboa terminou na sexta-feira com a confirma\u00e7\u00e3o da distribui\u00e7\u00e3o dos <a href=\"https:\/\/www.publico.pt\/2025\/10\/14\/local\/noticia\/oposicao-moedas-fara-avaliacao-caso-caso-chega-dizse-ja-pronto-negociar-2150838\" rel=\"nofollow noopener\" target=\"_blank\">mandatos apurados<\/a> na noite de domingo, embora a diferen\u00e7a entre o Chega e a CDU tenha sido encurtada de 11 para tr\u00eas votos. Apesar da aproxima\u00e7\u00e3o, a contagem reconfirmou a elei\u00e7\u00e3o de dois vereadores pelo Chega, <a href=\"https:\/\/www.publico.pt\/bruno-mascarenhas\" rel=\"nofollow noopener\" target=\"_blank\">Bruno Mascarenhas<\/a> e Ana Sim\u00f5es Silva, e um pela CDU, <a href=\"https:\/\/www.publico.pt\/2025\/10\/13\/politica\/noticia\/joao-ferreira-tirou-camara-lisboa-alexandra-leitao-2150700\" rel=\"nofollow noopener\" target=\"_blank\">Jo\u00e3o Ferreira<\/a>. Mas PCP n\u00e3o d\u00e1 o resultado como fechado.<\/p>\n<p>No mesmo comunicado, a CDU explica que o recurso visa garantir a aprecia\u00e7\u00e3o, por inst\u00e2ncia superior, das decis\u00f5es tomadas durante o apuramento geral. \u201c\u00c9 um procedimento previsto e leg\u00edtimo, que se enquadra no acompanhamento normal do processo eleitoral\u201d, refere a coliga\u00e7\u00e3o.<\/p>\n<p>A confirmar-se o resultado, ser\u00e3o eleitos os vereadores Bruno Mascarenhas e Ana Sim\u00f5es Silva, pelo Chega, e Jo\u00e3o Ferreira, pela CDU, que assim perde um vereador na capital, comparativamente com as elei\u00e7\u00f5es aut\u00e1rquicas de 2021. De acordo com os resultados provis\u00f3rios publicados pela secretaria-geral do Minist\u00e9rio da Administra\u00e7\u00e3o Interna, o Chega foi a terceira candidatura mais votada.<\/p>\n<p>Carlos Moedas foi reeleito presidente da C\u00e2mara Municipal de Lisboa, pela coliga\u00e7\u00e3o PSD\/CDS-PP\/IL, com 41,69% dos votos, derrotando a socialista Alexandra Leit\u00e3o (PS\/Livre\/BE\/PAN), que teve 33,95% dos votos.<\/p>\n","protected":false},"excerpt":{"rendered":"A CDU, coliga\u00e7\u00e3o que junta PCP e PEV, decidiu recorrer ao Tribunal Constitucional para que este aprecie decis\u00f5es&hellip;\n","protected":false},"author":2,"featured_media":118817,"comment_status":"","ping_status":"","sticky":false,"template":"","format":"standard","meta":{"footnotes":""},"categories":[10],"tags":[2431,27,28,3387,17593,353,15,16,14,25,26,21,22,12,13,19,20,3596,52,32,23,24,33,17,18,298,29,30,31],"class_list":{"0":"post-118816","1":"post","2":"type-post","3":"status-publish","4":"format-standard","5":"has-post-thumbnail","7":"category-portugal","8":"tag-autarquicas-2025","9":"tag-breaking-news","10":"tag-breakingnews","11":"tag-camara-municipal-de-lisboa","12":"tag-eleicoes-autarquicas","13":"tag-em-destaque","14":"tag-featured-news","15":"tag-featurednews","16":"tag-headlines","17":"tag-latest-news","18":"tag-latestnews","19":"tag-main-news","20":"tag-mainnews","21":"tag-news","22":"tag-noticias","23":"tag-noticias-principais","24":"tag-noticiasprincipais","25":"tag-pcp","26":"tag-politica","27":"tag-portugal","28":"tag-principais-noticias","29":"tag-principaisnoticias","30":"tag-pt","31":"tag-top-stories","32":"tag-topstories","33":"tag-tribunal-constitucional","34":"tag-ultimas","35":"tag-ultimas-noticias","36":"tag-ultimasnoticias"},"share_on_mastodon":{"url":"","error":"Validation failed: Text character limit of 500 exceeded"},"_links":{"self":[{"href":"https:\/\/www.europesays.com\/pt\/wp-json\/wp\/v2\/posts\/118816","targetHints":{"allow":["GET"]}}],"collection":[{"href":"https:\/\/www.europesays.com\/pt\/wp-json\/wp\/v2\/posts"}],"about":[{"href":"https:\/\/www.europesays.com\/pt\/wp-json\/wp\/v2\/types\/post"}],"author":[{"embeddable":true,"href":"https:\/\/www.europesays.com\/pt\/wp-json\/wp\/v2\/users\/2"}],"replies":[{"embeddable":true,"href":"https:\/\/www.europesays.com\/pt\/wp-json\/wp\/v2\/comments?post=118816"}],"version-history":[{"count":0,"href":"https:\/\/www.europesays.com\/pt\/wp-json\/wp\/v2\/posts\/118816\/revisions"}],"wp:featuredmedia":[{"embeddable":true,"href":"https:\/\/www.europesays.com\/pt\/wp-json\/wp\/v2\/media\/118817"}],"wp:attachment":[{"href":"https:\/\/www.europesays.com\/pt\/wp-json\/wp\/v2\/media?parent=118816"}],"wp:term":[{"taxonomy":"category","embeddable":true,"href":"https:\/\/www.europesays.com\/pt\/wp-json\/wp\/v2\/categories?post=118816"},{"taxonomy":"post_tag","embeddable":true,"href":"https:\/\/www.europesays.com\/pt\/wp-json\/wp\/v2\/tags?post=118816"}],"curies":[{"name":"wp","href":"https:\/\/api.w.org\/{rel}","templated":true}]}}