{"id":118822,"date":"2025-10-20T13:16:10","date_gmt":"2025-10-20T13:16:10","guid":{"rendered":"https:\/\/www.europesays.com\/pt\/118822\/"},"modified":"2025-10-20T13:16:10","modified_gmt":"2025-10-20T13:16:10","slug":"o-dia-em-que-a-mona-lisa-desapareceu-do-louvre","status":"publish","type":"post","link":"https:\/\/www.europesays.com\/pt\/118822\/","title":{"rendered":"O dia em que a Mona Lisa desapareceu do Louvre"},"content":{"rendered":"<p class=\"category\"><a href=\"https:\/\/sicnoticias.pt\/cultura\" rel=\"nofollow noopener\" target=\"_blank\">Cultura<\/a><\/p>\n<p>O museu do Louvre tem uma longa hist\u00f3ria de furtos e tentativas de assalto, tendo o mais famoso ocorrido em 1911, quando a Mona Lisa desapareceu da moldura, roubada por Vincenzo Peruggia, um ex-funcion\u00e1rio que se escondeu dentro do museu e saiu com a pintura sob o casaco. <\/p>\n<p><img decoding=\"async\" src=\"https:\/\/www.europesays.com\/pt\/wp-content\/uploads\/2025\/10\/1760966170_77_original.webp\" alt=\"O dia em que a Mona Lisa desapareceu do Louvre\"\/><\/p>\n<p>Markus Schreiber<\/p>\n<p><strong>No dia 21 de agosto de 1911, o quadro Mona Lisa, da autoria do pintor Leonardo da Vinci, desapareceu do Museu do Louvre, em Paris, sem que ningu\u00e9m tivesse dado por isso.<\/strong><\/p>\n<p>O roubo aconteceu a uma segunda-feira, com o museu fechado e com pouca gente, e a aus\u00eancia da obra s\u00f3 foi notada no dia seguinte. A pol\u00edcia foi chamada ao local, foi aberta uma investiga\u00e7\u00e3o e o Louvre esteve fechado durante uma semana. Foram convocados <strong>mais de 60 pol\u00edcias para as buscas<\/strong>,<strong> <\/strong>revelou o jornal norte-americano, <a href=\"https:\/\/timesmachine.nytimes.com\/timesmachine\/1911\/08\/24\/104834427.pdf?pdf_redirect=true&amp;ip=0\" target=\"_blank\" rel=\"noopener noreferrer nofollow\"><strong>New York Times<\/strong><\/a>.<\/p>\n<p style=\"text-align: start;\">Naquela altura, a Mona Lisa n\u00e3o tinha o reconhecimento que tem hoje e muitas pessoas nunca, sequer, a tinham visto. A fama surgiu precisamente ap\u00f3s o quadro ser roubado.<\/p>\n<blockquote style=\"text-align: start;\"><p>&#8220;A imagem come\u00e7ou a aparecer em notici\u00e1rios cinematogr\u00e1ficos, caixas de chocolate, postais e an\u00fancios publicit\u00e1rios. De repente, ela transformou-se numa celebridade como as estrelas de cinema e cantores&#8221;, <a href=\"https:\/\/www.bbc.com\/portuguese\/articles\/cyx5v0ey953o\" target=\"_blank\" rel=\"noopener noreferrer nofollow\"><strong>escreveu o escritor brit\u00e2nico Darian Leader<\/strong><\/a>, autor do livro &#8220;O Roubo da Mona Lisa e o que a arte nos impede de ver&#8221;.<\/p><\/blockquote>\n<p style=\"text-align: start;\">A partir daquele momento, o museu recebia visitas de pessoas que tinham curiosidade em ver o espa\u00e7o onde a Mona Lisa estava exposta e que era agora uma parede vazia.<\/p>\n<p><strong>Quem roubou o quadro?<\/strong><\/p>\n<p>A obra mais conhecida de Leonardo da Vinci esteve desaparecida durante mais de dois anos. Durante esse tempo, personalidades das artes como o pintor Pablo Picasso e o poeta Guillaume Apollinaire chegaram a ser considerados suspeitos, mas ambos eram inocentes.<\/p>\n<p>O que aconteceu, afinal, no dia 21 de agosto de 1911? \u00c9 preciso sublinhar que o museu tinha um sistema de seguran\u00e7a pouco fi\u00e1vel e um n\u00famero reduzido de guardas.<\/p>\n<p>Vincenzo Peruggia, o autor do roubo, n\u00e3o precisou de um plano robusto, daqueles que vemos nos filmes. Peruggia conhecia bem a zona onde a Mona Lisa estava exposta, uma vez que tinha sido ele mesmo a instalar o vidro que protege a obra, um ano antes, em 1910.<\/p>\n<p>Roger Viollet<\/p>\n<p>O italiano ainda tinha o uniforme branco que os funcion\u00e1rios do museu usavam e foi mesmo isso que vestiu. Depois de passar a noite dentro de um arm\u00e1rio com materiais de pintura, dirigiu-se \u00e0 obra-prima, <strong>tirou a tela da moldura, guardou-a dentro do casaco<\/strong> <strong>e saiu do museu<\/strong>.<\/p>\n<p>Mais de dois anos depois do assalto, em dezembro de 1913, Peruggia tentou vender a obra a um negociante de arte em Floren\u00e7a. Mas o homem ficou desconfiado e chamou o patr\u00e3o. Ambos viram o selo no verso do quadro que confirmava a sua autenticidade. Disseram a Peruggia que iam ficar com a obra e que o contactavam mais tarde para finalizar o pagamento, contou Tom Hoobler \u00e0 r\u00e1dio norte-americana <a href=\"https:\/\/www.npr.org\/2011\/07\/30\/138800110\/the-theft-that-made-the-mona-lisa-a-masterpiece\" target=\"_blank\" rel=\"noopener noreferrer nofollow\"><strong>NPR<\/strong><\/a>.<\/p>\n<p>Vincenzo Peruggia voltou para casa e passado pouco tempo j\u00e1 tinha a pol\u00edcia a bater \u00e0 porta. O homem chegou a apresentar v\u00e1rias desculpas, uma delas de que era um patriota e queria devolver o quadro a It\u00e1lia. Acabou por se declarar culpado e foi condenado a oito meses de pris\u00e3o.<\/p>\n<p>A Mona Lisa regressou ao Louvre no dia 4 de janeiro de 1914.<\/p>\n","protected":false},"excerpt":{"rendered":"Cultura O museu do Louvre tem uma longa hist\u00f3ria de furtos e tentativas de assalto, tendo o mais&hellip;\n","protected":false},"author":2,"featured_media":118823,"comment_status":"","ping_status":"","sticky":false,"template":"","format":"standard","meta":{"footnotes":""},"categories":[144],"tags":[207,205,206,203,201,202,204,114,115,32,33],"class_list":{"0":"post-118822","1":"post","2":"type-post","3":"status-publish","4":"format-standard","5":"has-post-thumbnail","7":"category-arte-e-design","8":"tag-arte","9":"tag-arte-e-design","10":"tag-artedesign","11":"tag-arts","12":"tag-arts-and-design","13":"tag-artsanddesign","14":"tag-design","15":"tag-entertainment","16":"tag-entretenimento","17":"tag-portugal","18":"tag-pt"},"share_on_mastodon":{"url":"https:\/\/pubeurope.com\/@pt\/115406686456741146","error":""},"_links":{"self":[{"href":"https:\/\/www.europesays.com\/pt\/wp-json\/wp\/v2\/posts\/118822","targetHints":{"allow":["GET"]}}],"collection":[{"href":"https:\/\/www.europesays.com\/pt\/wp-json\/wp\/v2\/posts"}],"about":[{"href":"https:\/\/www.europesays.com\/pt\/wp-json\/wp\/v2\/types\/post"}],"author":[{"embeddable":true,"href":"https:\/\/www.europesays.com\/pt\/wp-json\/wp\/v2\/users\/2"}],"replies":[{"embeddable":true,"href":"https:\/\/www.europesays.com\/pt\/wp-json\/wp\/v2\/comments?post=118822"}],"version-history":[{"count":0,"href":"https:\/\/www.europesays.com\/pt\/wp-json\/wp\/v2\/posts\/118822\/revisions"}],"wp:featuredmedia":[{"embeddable":true,"href":"https:\/\/www.europesays.com\/pt\/wp-json\/wp\/v2\/media\/118823"}],"wp:attachment":[{"href":"https:\/\/www.europesays.com\/pt\/wp-json\/wp\/v2\/media?parent=118822"}],"wp:term":[{"taxonomy":"category","embeddable":true,"href":"https:\/\/www.europesays.com\/pt\/wp-json\/wp\/v2\/categories?post=118822"},{"taxonomy":"post_tag","embeddable":true,"href":"https:\/\/www.europesays.com\/pt\/wp-json\/wp\/v2\/tags?post=118822"}],"curies":[{"name":"wp","href":"https:\/\/api.w.org\/{rel}","templated":true}]}}