{"id":118824,"date":"2025-10-20T13:17:07","date_gmt":"2025-10-20T13:17:07","guid":{"rendered":"https:\/\/www.europesays.com\/pt\/118824\/"},"modified":"2025-10-20T13:17:07","modified_gmt":"2025-10-20T13:17:07","slug":"bienal-do-livro-sediara-1o-seminario-de-pesquisa-em-ensino-em-alagoas-noticias","status":"publish","type":"post","link":"https:\/\/www.europesays.com\/pt\/118824\/","title":{"rendered":"Bienal do Livro sediar\u00e1 1\u00ba Semin\u00e1rio de Pesquisa em Ensino em Alagoas \u2014 Not\u00edcias"},"content":{"rendered":"<p align=\"justify\">A programa\u00e7\u00e3o da 11\u00aa Bienal Internacional do Livro de Alagoas contar\u00e1 com mais uma novidade nesta edi\u00e7\u00e3o: trata-se do 1\u00ba Semin\u00e1rio de Pesquisa em Ensino em Alagoas (Simape), promovido pelo Programa de Doutorado em Ensino da Rede Nordeste de Ensino (Renoen), cuja realiza\u00e7\u00e3o se dar\u00e1 entre os dias 30 de outubro e 1\u00ba de novembro dividindo-se entre o Centro de Educa\u00e7\u00e3o (Cedu) da Universidade Federal de Alagoas (Ufal) e o Centro de Conven\u00e7\u00f5es como parte da Bienal. Clique\u00a0<a href=\"https:\/\/doity.com.br\/i-encontro-alagoano-de-pesquisa-em-ensino-de-cincias-e-matemtica-currculo-cultura-e-prticas-transfor#about\" rel=\"nofollow noopener\" target=\"_blank\"> aqui <\/a>e se inscreva.<\/p>\n<p align=\"justify\">A programa\u00e7\u00e3o foi idealizada para fortalecer a reflex\u00e3o e o di\u00e1logo entre pesquisa, pr\u00e1tica docente e forma\u00e7\u00e3o de professores nas diversas \u00e1reas do conhecimento. \u201cTrata-se de um evento voltado aos acad\u00eamicos de mestrado e doutorado, al\u00e9m de professores da educa\u00e7\u00e3o b\u00e1sica e superior interessados em discutir as tend\u00eancias e desafios contempor\u00e2neos da educa\u00e7\u00e3o e da pesquisa aplicada ao ensino\u201d, explica a comiss\u00e3o organizadora.<\/p>\n<p align=\"justify\">Durante o evento, palestras, mesas-redondas, oficinas e lan\u00e7amentos de livros, ter\u00e3o o objetivo de estimular o pensamento cr\u00edtico, promover a troca de experi\u00eancias e valorizar a produ\u00e7\u00e3o acad\u00eamica e pedag\u00f3gica desenvolvida nos programas de p\u00f3s-gradua\u00e7\u00e3o.<\/p>\n<p align=\"justify\">\u201cSua realiza\u00e7\u00e3o no contexto da Bienal Internacional do Livro de Alagoas amplia o alcance das discuss\u00f5es, aproximando o conhecimento cient\u00edfico e as pr\u00e1ticas docentes da comunidade em geral, consolidando o simp\u00f3sio como um espa\u00e7o de integra\u00e7\u00e3o entre ci\u00eancia, cultura e educa\u00e7\u00e3o, reafirmando o compromisso coletivo com uma educa\u00e7\u00e3o p\u00fablica, democr\u00e1tica e transformadora\u201d, complementam os organizadores do Simape.<\/p>\n<p align=\"justify\"><b>Sobre a Bienal<\/b><\/p>\n<p align=\"justify\">A 11\u00aa Bienal Internacional do Livro de Alagoas \u00e9 realizada pela Universidade Federal de Alagoas e pelo governo de Alagoas, com correaliza\u00e7\u00e3o da Funda\u00e7\u00e3o Universit\u00e1ria de Desenvolvimento de Extens\u00e3o e Pesquisa (Fundepes) e patroc\u00ednio do Senac e do Sebrae Alagoas.<\/p>\n<p align=\"justify\">Sob a curadoria do professor Eraldo Ferraz, diretor da Edufal, o maior evento cultural e liter\u00e1rio do estado tamb\u00e9m tem como parceiros a plataforma de eventos Doity, a rede de Hot\u00e9is Ponta Verde, o Sesc, a Prefeitura de Macei\u00f3 e o Instituto Federal de Alagoas (Ifal), al\u00e9m das secretarias de Estado da Cultura e Economia Criativa (Secult), de Turismo (Setur) e de Comunica\u00e7\u00e3o (Secom) de Alagoas.<\/p>\n<p align=\"justify\">Acompanhe as novidades da Bienal 2025 por meio do site oficial bienal.ufal.br\/2025 e tamb\u00e9m pelas redes sociais com o perfil @\u200cbienaldealagoas no Instagram, Threads e Facebook.<\/p>\n","protected":false},"excerpt":{"rendered":"A programa\u00e7\u00e3o da 11\u00aa Bienal Internacional do Livro de Alagoas contar\u00e1 com mais uma novidade nesta edi\u00e7\u00e3o: trata-se&hellip;\n","protected":false},"author":2,"featured_media":118825,"comment_status":"","ping_status":"","sticky":false,"template":"","format":"standard","meta":{"footnotes":""},"categories":[143],"tags":[169,114,115,170,32,33],"class_list":{"0":"post-118824","1":"post","2":"type-post","3":"status-publish","4":"format-standard","5":"has-post-thumbnail","7":"category-livros","8":"tag-books","9":"tag-entertainment","10":"tag-entretenimento","11":"tag-livros","12":"tag-portugal","13":"tag-pt"},"share_on_mastodon":{"url":"","error":""},"_links":{"self":[{"href":"https:\/\/www.europesays.com\/pt\/wp-json\/wp\/v2\/posts\/118824","targetHints":{"allow":["GET"]}}],"collection":[{"href":"https:\/\/www.europesays.com\/pt\/wp-json\/wp\/v2\/posts"}],"about":[{"href":"https:\/\/www.europesays.com\/pt\/wp-json\/wp\/v2\/types\/post"}],"author":[{"embeddable":true,"href":"https:\/\/www.europesays.com\/pt\/wp-json\/wp\/v2\/users\/2"}],"replies":[{"embeddable":true,"href":"https:\/\/www.europesays.com\/pt\/wp-json\/wp\/v2\/comments?post=118824"}],"version-history":[{"count":0,"href":"https:\/\/www.europesays.com\/pt\/wp-json\/wp\/v2\/posts\/118824\/revisions"}],"wp:featuredmedia":[{"embeddable":true,"href":"https:\/\/www.europesays.com\/pt\/wp-json\/wp\/v2\/media\/118825"}],"wp:attachment":[{"href":"https:\/\/www.europesays.com\/pt\/wp-json\/wp\/v2\/media?parent=118824"}],"wp:term":[{"taxonomy":"category","embeddable":true,"href":"https:\/\/www.europesays.com\/pt\/wp-json\/wp\/v2\/categories?post=118824"},{"taxonomy":"post_tag","embeddable":true,"href":"https:\/\/www.europesays.com\/pt\/wp-json\/wp\/v2\/tags?post=118824"}],"curies":[{"name":"wp","href":"https:\/\/api.w.org\/{rel}","templated":true}]}}