{"id":118828,"date":"2025-10-20T13:21:34","date_gmt":"2025-10-20T13:21:34","guid":{"rendered":"https:\/\/www.europesays.com\/pt\/118828\/"},"modified":"2025-10-20T13:21:34","modified_gmt":"2025-10-20T13:21:34","slug":"gp-eua-f1-oscar-piastri-demasiado-cedo-para-comecar-a-escolher-um-em-detrimento-do-outro","status":"publish","type":"post","link":"https:\/\/www.europesays.com\/pt\/118828\/","title":{"rendered":"GP EUA F1, Oscar Piastri: \u201cDemasiado cedo para come\u00e7ar a escolher um em detrimento do outro\u201d"},"content":{"rendered":"<p>Oscar Piastri reconheceu ter enfrentado um dos fins de semana mais complicados da temporada, admitindo que nunca conseguiu encontrar o ritmo ideal com o McLaren. O australiano analisou as causas do seu desempenho aqu\u00e9m das expectativas e garantiu que pretende compreender o que correu mal, afastando, contudo, qualquer ideia de que a equipa deva estabelecer prioridades entre os seus dois pilotos na luta pelo t\u00edtulo.<\/p>\n<p>O australiano sublinhou ainda que, apesar de algumas provas menos conseguidas, este foi o primeiro verdadeiro ponto baixo da temporada, \u00e0 exce\u00e7\u00e3o de Baku, e que h\u00e1 li\u00e7\u00f5es importantes a retirar antes das pr\u00f3ximas corridas. Piastri afirmou que o principal objetivo agora \u00e9 perceber por que raz\u00e3o o monolugar n\u00e3o respondeu como esperado e reencontrar o ritmo competitivo das rondas anteriores.<\/p>\n<p>Questionado sobre a possibilidade de a McLaren vir a favorecer um dos pilotos face \u00e0 ascens\u00e3o de Max Verstappen na luta pelo campeonato, Piastri rejeitou essa hip\u00f3tese e reiterou a igualdade de condi\u00e7\u00f5es dentro da equipa.<\/p>\n<p>\u201cHoje, o ritmo de corrida podia ter-me salvado de uma qualifica\u00e7\u00e3o dif\u00edcil, mas nem isso tive realmente. \u00c9 algo em que quero trabalhar, mas as qualifica\u00e7\u00f5es, de um modo geral, t\u00eam sido consistentemente boas. Houve obviamente altos em determinados momentos, mas este fim de semana, \u00e0 parte de Baku, foi realmente o primeiro em que fiquei desiludido. Mesmo quando estive abaixo do esperado, o desempenho continuava a ser bastante bom. H\u00e1, portanto, algumas coisas a tentar compreender deste fim de semana, porque, claramente, o problema n\u00e3o esteve relacionado apenas com a qualifica\u00e7\u00e3o.\u201d<\/p>\n<p>\u201cVamos tentar perceber por que raz\u00e3o n\u00e3o consegui encontrar sintonia com o carro. Foi dif\u00edcil entrar no ritmo, e essa foi a grande diferen\u00e7a em rela\u00e7\u00e3o a outros circuitos, mesmo os mais recentes.\u201d<\/p>\n<p>\u201cA equipa dar prioridade a um piloto? N\u00e3o creio. Continuamos extremamente pr\u00f3ximos e ambos dissemos que quer\u00edamos ter a oportunidade de lutar pelo campeonato, porque sentimos que merecemos isso. Portanto, acho que ainda \u00e9 demasiado cedo para come\u00e7ar a escolher um em detrimento do outro.\u201d<\/p>\n","protected":false},"excerpt":{"rendered":"Oscar Piastri reconheceu ter enfrentado um dos fins de semana mais complicados da temporada, admitindo que nunca conseguiu&hellip;\n","protected":false},"author":2,"featured_media":118829,"comment_status":"","ping_status":"","sticky":false,"template":"","format":"standard","meta":{"footnotes":""},"categories":[87],"tags":[135,970,971,27444,718,2548,32,33,134],"class_list":{"0":"post-118828","1":"post","2":"type-post","3":"status-publish","4":"format-standard","5":"has-post-thumbnail","7":"category-desporto","8":"tag-desporto","9":"tag-f1","10":"tag-formula-1","11":"tag-gp-eua","12":"tag-newsletter","13":"tag-oscar-piastri","14":"tag-portugal","15":"tag-pt","16":"tag-sports"},"share_on_mastodon":{"url":"https:\/\/pubeurope.com\/@pt\/115406706095906405","error":""},"_links":{"self":[{"href":"https:\/\/www.europesays.com\/pt\/wp-json\/wp\/v2\/posts\/118828","targetHints":{"allow":["GET"]}}],"collection":[{"href":"https:\/\/www.europesays.com\/pt\/wp-json\/wp\/v2\/posts"}],"about":[{"href":"https:\/\/www.europesays.com\/pt\/wp-json\/wp\/v2\/types\/post"}],"author":[{"embeddable":true,"href":"https:\/\/www.europesays.com\/pt\/wp-json\/wp\/v2\/users\/2"}],"replies":[{"embeddable":true,"href":"https:\/\/www.europesays.com\/pt\/wp-json\/wp\/v2\/comments?post=118828"}],"version-history":[{"count":0,"href":"https:\/\/www.europesays.com\/pt\/wp-json\/wp\/v2\/posts\/118828\/revisions"}],"wp:featuredmedia":[{"embeddable":true,"href":"https:\/\/www.europesays.com\/pt\/wp-json\/wp\/v2\/media\/118829"}],"wp:attachment":[{"href":"https:\/\/www.europesays.com\/pt\/wp-json\/wp\/v2\/media?parent=118828"}],"wp:term":[{"taxonomy":"category","embeddable":true,"href":"https:\/\/www.europesays.com\/pt\/wp-json\/wp\/v2\/categories?post=118828"},{"taxonomy":"post_tag","embeddable":true,"href":"https:\/\/www.europesays.com\/pt\/wp-json\/wp\/v2\/tags?post=118828"}],"curies":[{"name":"wp","href":"https:\/\/api.w.org\/{rel}","templated":true}]}}