{"id":118838,"date":"2025-10-20T13:35:10","date_gmt":"2025-10-20T13:35:10","guid":{"rendered":"https:\/\/www.europesays.com\/pt\/118838\/"},"modified":"2025-10-20T13:35:10","modified_gmt":"2025-10-20T13:35:10","slug":"lab-no-edificio-italia-une-arte-design-e-arquitetura-20-10-2025-plastico","status":"publish","type":"post","link":"https:\/\/www.europesays.com\/pt\/118838\/","title":{"rendered":"Lab, no edif\u00edcio It\u00e1lia, une arte, design e arquitetura &#8211; 20\/10\/2025 &#8211; Pl\u00e1stico"},"content":{"rendered":"<p>N\u00e3o \u00e9 bem na esquina da Ipiranga com a S\u00e3o Jo\u00e3o, mas muito perto dali alguma coisa acontece no 31\u00ba andar do <a href=\"https:\/\/guia.folha.uol.com.br\/passeios\/2022\/06\/predio-do-terraco-italia-ganha-novo-espaco-cultural-no-centro-de-sp-veja-dicas-da-semana.shtml\" rel=\"nofollow noopener\" target=\"\">edif\u00edcio It\u00e1lia<\/a>, cl\u00e1ssico do skyline paulistano desenhado pelo arquiteto Franz Heep. Um dos muitos escrit\u00f3rios de arquitetura que fincaram ra\u00edzes num dos arranha-c\u00e9us mais altos e charmosos de <a href=\"https:\/\/www1.folha.uol.com.br\/folha-topicos\/sao-paulo\/\" rel=\"nofollow noopener\" target=\"_blank\">S\u00e3o Paulo<\/a>, o espa\u00e7o de Melina Romano agora batizado Lab virou um lugar de exposi\u00e7\u00f5es em que artistas trabalham ao lado de designers para mostrar suas cria\u00e7\u00f5es, uma esp\u00e9cie de sala de estar nas alturas com uma vista da metr\u00f3pole.<\/p>\n<p>Um dos primeiros encontros realizados ali mostra os trabalhos de tr\u00eas artistas, <a href=\"https:\/\/www1.folha.uol.com.br\/colunas\/monicabergamo\/2023\/08\/ong-paramar-e-o-projeto-mandacaru-preparam-seu-primeiro-leilao-de-arte.shtml\" rel=\"nofollow noopener\" target=\"\">Ana Matheus Abbade<\/a>, <a href=\"https:\/\/guia.folha.uol.com.br\/exposicoes\/2013\/12\/1386526-artistas-sem-galeria-exibem-obras-em-duas-exposicoes-coletivas-simultaneas.shtml\" rel=\"nofollow noopener\" target=\"\">Clara Benfatti<\/a> e Thamiris Mand\u00fa, ao lado de esculturas de metal criadas pelo designer <a href=\"https:\/\/www1.folha.uol.com.br\/saopaulo\/2017\/08\/1909163-jovens-designers-dao-cara-a-lancamentos-independentes-e-de-grandes-nomes-da-industria.shtml\" rel=\"nofollow noopener\" target=\"\">Guilherme Wentz<\/a>, mais conhecido por suas lumin\u00e1rias de tra\u00e7os geom\u00e9tricos e minimalistas, \u00e0s vezes s\u00f3 tra\u00e7os luminosos no espa\u00e7o. Grande parte das obras \u00e9 in\u00e9dita, feita para a mostra organizada por <a href=\"https:\/\/www1.folha.uol.com.br\/ilustrada\/2021\/07\/regiao-central-de-sao-paulo-vira-polo-do-mercado-de-arte-gracas-a-novas-galerias.shtml\" rel=\"nofollow noopener\" target=\"\">Carolina Lauriano<\/a>.<\/p>\n<p>Na vis\u00e3o dela e de Romano, a ideia de trazer os artistas para criar trabalhos junto da pr\u00e1tica dos arquitetos s\u00f3 pula uma etapa do processo que j\u00e1 acontece quando um designer planeja um espa\u00e7o e prop\u00f5e ao cliente as obras de <a href=\"https:\/\/www1.folha.uol.com.br\/folha-topicos\/arte\/\" rel=\"nofollow noopener\" target=\"_blank\">arte<\/a> que poderiam se integrar ao lugar.\u2002<\/p>\n<p><strong>CIRCOLO ITALIANO<\/strong> Em paralelo, o <a href=\"https:\/\/guia.folha.uol.com.br\/bares-e-noite\/2025\/10\/conheca-19-karaokes-em-sao-paulo-onde-cantar-bem-nao-importa.shtml\" rel=\"nofollow noopener\" target=\"\">grupo Tokyo<\/a>, que j\u00e1 opera o <a href=\"https:\/\/www1.folha.uol.com.br\/blogs\/andancas-na-metropole\/2025\/08\/voce-ainda-vai-visitar-o-terraco-do-martinelli.shtml\" rel=\"nofollow noopener\" target=\"\">terra\u00e7o do edif\u00edcio Martinelli<\/a> al\u00e9m da casa noturna de mesmo nome, no centro paulistano, planeja criar outro espa\u00e7o de exposi\u00e7\u00f5es de arte no terceiro andar do <a href=\"https:\/\/www1.folha.uol.com.br\/folha-topicos\/italia\/\" rel=\"nofollow noopener\" target=\"_blank\">It\u00e1lia<\/a>, parte do projeto que chamam de Epicentro, com a proposta de restaurar e investir em v\u00e1rios dos pr\u00e9dios cl\u00e1ssicos.<\/p>\n<p><strong>CASA NOVA<\/strong>\u2002N\u00e3o muito longe do centro, a travessa Dona Paula, vila de casinhas escondida atr\u00e1s do Cemit\u00e9rio da Consola\u00e7\u00e3o no bairro de Higien\u00f3polis, vai ganhar em dezembro mais uma galeria de arte. A P\u00f3rtico, dos s\u00f3cios Adolfo Caboclo e Alexandre Z\u00e1skia, ser\u00e1 vizinha de outras casas j\u00e1 ali, entre elas as sedes paulistanas de <a href=\"https:\/\/www1.folha.uol.com.br\/colunas\/plastico\/2025\/10\/frieze-em-londres-e-art-basel-paris-abrem-o-outono-europeu-com-obras-de-peso.shtml\" rel=\"nofollow noopener\" target=\"\">A Gentil Carioca<\/a>, do <a href=\"https:\/\/www1.folha.uol.com.br\/folha-topicos\/rio-de-janeiro\/\" rel=\"nofollow noopener\" target=\"_blank\">Rio de Janeiro<\/a>, e da Zielinsky, de <a href=\"https:\/\/www1.folha.uol.com.br\/folha-topicos\/barcelona\/\" rel=\"nofollow noopener\" target=\"_blank\">Barcelona<\/a>, al\u00e9m da Sardenberg.<\/p>\n<p><strong>CASA ANTIGA<\/strong>\u2002No Morumbi, a <a href=\"https:\/\/www1.folha.uol.com.br\/ilustrada\/2025\/09\/projeto-inacabado-de-lina-bo-bardi-ganha-vida-pelas-maos-de-ana-maria-tavares.shtml\" rel=\"nofollow noopener\" target=\"\">Casa de Vidro<\/a> desenhada por <a href=\"https:\/\/www1.folha.uol.com.br\/ilustrada\/2025\/03\/fernanda-torres-e-fernanda-montenegro-dao-vida-a-lina-bo-bardi-no-novo-masp.shtml\" rel=\"nofollow noopener\" target=\"\">Lina Bo Bardi<\/a> abre no fim desta semana uma mostra dedicada a Pietro Maria Bardi, o marido da arquiteta, um dos grandes respons\u00e1veis pela forma\u00e7\u00e3o do acervo do <a href=\"https:\/\/www1.folha.uol.com.br\/folha-topicos\/masp\/\" rel=\"nofollow noopener\" target=\"_blank\">Masp<\/a>, tamb\u00e9m projeto de sua mulher. A mostra, organizada por Giancarlo Latorraca e Jayme Vargas, \u00e9 uma esp\u00e9cie de biografia de Bardi, narrada por objetos pessoais, arquivos, documentos e seu acervo, com obras de Maria Bonomi e <a href=\"https:\/\/www1.folha.uol.com.br\/ilustrada\/2024\/08\/ruinas-de-brasilia-reais-e-metaforicas-inspiram-artistas-em-mostra-no-rio.shtml\" rel=\"nofollow noopener\" target=\"\">Siron Franco<\/a>.<\/p>\n<p>O mobili\u00e1rio do espa\u00e7o, tamb\u00e9m idealizado por Lina Bo Bardi, ganha a companhia dos suportes feitos pela arquiteta na d\u00e9cada de 1960 para o <a href=\"https:\/\/www1.folha.uol.com.br\/folha-topicos\/museu\/\" rel=\"nofollow noopener\" target=\"_blank\">Museu<\/a> de Arte Moderna da Bahia, no centro de <a href=\"https:\/\/www1.folha.uol.com.br\/folha-topicos\/salvador\/\" rel=\"nofollow noopener\" target=\"_blank\">Salvador<\/a>.<\/p>\n<p><strong>LONDON CALLING<\/strong>\u2002Rec\u00e9m-aberta em paralelo \u00e0 <a href=\"https:\/\/www1.folha.uol.com.br\/colunas\/plastico\/2025\/10\/frieze-em-londres-e-art-basel-paris-abrem-o-outono-europeu-com-obras-de-peso.shtml\" rel=\"nofollow noopener\" target=\"\">feira Frieze<\/a>, na galeria Sprovieri, em <a href=\"https:\/\/www1.folha.uol.com.br\/folha-topicos\/londres\/\" rel=\"nofollow noopener\" target=\"_blank\">Londres<\/a>, uma mostra com as chamadas pinturas negativas de <a href=\"https:\/\/www1.folha.uol.com.br\/ilustrada\/2025\/05\/pinacoteca-revela-como-arte-pop-brasileira-retratou-um-pais-em-ebulicao-social.shtml\" rel=\"nofollow noopener\" target=\"\">Antonio Dias<\/a>, s\u00e9rie entre as mais c\u00e9lebres deste que foi um dos maiores artistas da hist\u00f3ria do pa\u00eds, ter\u00e1 uma montagem tamb\u00e9m em S\u00e3o Paulo, na <a href=\"https:\/\/www1.folha.uol.com.br\/ilustrada\/2025\/10\/mostra-transe-usa-a-ideia-de-energia-e-do-oculto-ao-reunir-obras-em-sao-paulo.shtml\" rel=\"nofollow noopener\" target=\"\">Gomide&amp;Co<\/a>. As pe\u00e7as vieram do acervo de Gi\u00f3 Marconi, galerista de <a href=\"https:\/\/www1.folha.uol.com.br\/folha-topicos\/milao\/\" rel=\"nofollow noopener\" target=\"_blank\">Mil\u00e3o<\/a> que representava Dias na It\u00e1lia, onde viveu.<\/p>\n<p><strong>VEM A\u00cd<\/strong>\u2002No fim do m\u00eas, <a href=\"https:\/\/www1.folha.uol.com.br\/ilustrada\/2024\/03\/jota-mombaca-expoe-seus-trabalhos-ineditos-em-nova-galeria-martins-montero.shtml\" rel=\"nofollow noopener\" target=\"\">Jota Momba\u00e7a<\/a> organiza na <a href=\"https:\/\/www1.folha.uol.com.br\/ilustrada\/2025\/10\/artista-mistura-pornografia-com-sacrificio-de-galinha-para-criticar-o-ocidente.shtml\" rel=\"nofollow noopener\" target=\"\">Martins&amp;Montero<\/a> uma mostra coletiva inspirada na radicalidade queer da obra de <a href=\"https:\/\/www1.folha.uol.com.br\/ilustrada\/2020\/03\/fotocopias-eroticas-de-hudinilson-jr-voltam-para-a-pinacoteca-40-anos-depois.shtml\" rel=\"nofollow noopener\" target=\"\">Hudinilson Jr<\/a>. J\u00e1 a <a href=\"https:\/\/www1.folha.uol.com.br\/ilustrada\/2025\/08\/waltercio-caldas-investiga-como-os-espelhos-funcionam-por-meio-das-suas-obras.shtml\" rel=\"nofollow noopener\" target=\"\">Raquel Arnaud<\/a> abre uma individual de Antonio<br \/>&#13;<br \/>\nManuel com mais de 30 trabalhos in\u00e9ditos do artista.<\/p>\n<p class=\"c-context__content\">&#13;<br \/>\n    <strong>LINK PRESENTE:<\/strong> Gostou deste texto? Assinante pode liberar sete acessos gratuitos de qualquer link por dia. Basta clicar no F azul abaixo.&#13;\n  <\/p>\n","protected":false},"excerpt":{"rendered":"N\u00e3o \u00e9 bem na esquina da Ipiranga com a S\u00e3o Jo\u00e3o, mas muito perto dali alguma coisa acontece&hellip;\n","protected":false},"author":2,"featured_media":118839,"comment_status":"","ping_status":"","sticky":false,"template":"","format":"standard","meta":{"footnotes":""},"categories":[144],"tags":[27662,27664,207,205,206,203,201,202,4174,1235,18537,27659,204,27661,114,115,640,445,236,27660,27666,665,12269,233,1744,5567,1739,7001,27663,209,32,33,27665,713,2326,5279,4175,654,3802,216],"class_list":{"0":"post-118838","1":"post","2":"type-post","3":"status-publish","4":"format-standard","5":"has-post-thumbnail","7":"category-arte-e-design","8":"tag-a-gentil-carioca","9":"tag-antonio-dias","10":"tag-arte","11":"tag-arte-e-design","12":"tag-artedesign","13":"tag-arts","14":"tag-arts-and-design","15":"tag-artsanddesign","16":"tag-bahia-estado","17":"tag-barcelona","18":"tag-casa-de-vidro","19":"tag-cemiterio-consolacao","20":"tag-design","21":"tag-edificio-martinelli","22":"tag-entertainment","23":"tag-entretenimento","24":"tag-espanha","25":"tag-europa","26":"tag-folha","27":"tag-higienopolis","28":"tag-hudinilson-jr","29":"tag-inglaterra","30":"tag-ipiranga","31":"tag-italia","32":"tag-lina-bo-bardi","33":"tag-londres","34":"tag-masp","35":"tag-milao","36":"tag-morumbi","37":"tag-museu","38":"tag-portugal","39":"tag-pt","40":"tag-raquel-arnaud","41":"tag-reino-unido","42":"tag-rio-de-janeiro","43":"tag-rio-de-janeiro-estado","44":"tag-salvador","45":"tag-sao-paulo","46":"tag-sao-paulo-estado","47":"tag-sexo"},"share_on_mastodon":{"url":"","error":"Validation failed: Text character limit of 500 exceeded"},"_links":{"self":[{"href":"https:\/\/www.europesays.com\/pt\/wp-json\/wp\/v2\/posts\/118838","targetHints":{"allow":["GET"]}}],"collection":[{"href":"https:\/\/www.europesays.com\/pt\/wp-json\/wp\/v2\/posts"}],"about":[{"href":"https:\/\/www.europesays.com\/pt\/wp-json\/wp\/v2\/types\/post"}],"author":[{"embeddable":true,"href":"https:\/\/www.europesays.com\/pt\/wp-json\/wp\/v2\/users\/2"}],"replies":[{"embeddable":true,"href":"https:\/\/www.europesays.com\/pt\/wp-json\/wp\/v2\/comments?post=118838"}],"version-history":[{"count":0,"href":"https:\/\/www.europesays.com\/pt\/wp-json\/wp\/v2\/posts\/118838\/revisions"}],"wp:featuredmedia":[{"embeddable":true,"href":"https:\/\/www.europesays.com\/pt\/wp-json\/wp\/v2\/media\/118839"}],"wp:attachment":[{"href":"https:\/\/www.europesays.com\/pt\/wp-json\/wp\/v2\/media?parent=118838"}],"wp:term":[{"taxonomy":"category","embeddable":true,"href":"https:\/\/www.europesays.com\/pt\/wp-json\/wp\/v2\/categories?post=118838"},{"taxonomy":"post_tag","embeddable":true,"href":"https:\/\/www.europesays.com\/pt\/wp-json\/wp\/v2\/tags?post=118838"}],"curies":[{"name":"wp","href":"https:\/\/api.w.org\/{rel}","templated":true}]}}