{"id":118840,"date":"2025-10-20T13:36:49","date_gmt":"2025-10-20T13:36:49","guid":{"rendered":"https:\/\/www.europesays.com\/pt\/118840\/"},"modified":"2025-10-20T13:36:49","modified_gmt":"2025-10-20T13:36:49","slug":"apanhadao-da-semana-autores-repercutem-desorganizacao-da-bienal-do-parana-e-mais","status":"publish","type":"post","link":"https:\/\/www.europesays.com\/pt\/118840\/","title":{"rendered":"Apanhad\u00e3o da semana: autores repercutem &#8216;desorganiza\u00e7\u00e3o&#8217; da Bienal do Paran\u00e1 e mais"},"content":{"rendered":"<p>Apanhad\u00e3o da semana: autores repercutem &#8216;desorganiza\u00e7\u00e3o&#8217; da Bienal do Paran\u00e1 e mais<\/p>\n<p>Veja tamb\u00e9m: textos in\u00e9ditos de Virginia Woolf, livro com bastidores da moda da SPFW e cobertura da Quatro Cinco Um em Festa Liter\u00e1ria de Niter\u00f3i<\/p>\n<p><img loading=\"lazy\" decoding=\"async\" src=\"https:\/\/www.europesays.com\/pt\/wp-content\/uploads\/2025\/10\/V9unPmuJVYVOwJOgeRNpOVdeeWupk6VLj0h0a0mSaBuBBvfPOgpQKm7PKrxA7hsBjC3wYszT9j1JwD0b.jpg\" width=\"267\" height=\"171\" \/>O cancelamento da <a href=\"https:\/\/www.publishnews.com.br\/etiquetas\/bienal-do-livro-do-parana\" target=\"_blank\" rel=\"nofollow noopener\">Bienal do Livro do Paran\u00e1<\/a> tem repercutido na imprensa por conta das v\u00e1rias reviravoltas e desist\u00eancias ocorridas nos \u00faltimos meses. Nessa semana, o jornal <a href=\"https:\/\/oglobo.globo.com\/cultura\/noticia\/2025\/10\/16\/autores-reclamam-de-desorganizacao-da-bienal-do-parana-que-foi-adiada-responsavel-pelo-evento-chama-criticas-de-histeria.ghtml\" target=\"_blank\" rel=\"nofollow noopener\">O Globo<\/a> publicou uma reportagem sobre autores criticarem a &#8216;desorganiza\u00e7\u00e3o&#8217; do evento. O Globo conversou com quatro autores da programa\u00e7\u00e3o e todos reclamaram da desorganiza\u00e7\u00e3o e da dificuldade de comunica\u00e7\u00e3o com a organiza\u00e7\u00e3o. E que, quando come\u00e7aram a surgir not\u00edcias questionando a possibilidade de realiza\u00e7\u00e3o da Bienal, passaram a pedir a assinatura de contratos que garantissem seus acordos.  <\/p>\n<p>Dos cerca de 200 autores previstos para a Bienal, quatro desistiram antes mesmo do adiamento: Thalita Rebou\u00e7as, <a href=\"https:\/\/oglobo.globo.com\/tudo-sobre\/personalidade\/pedro-bial\" rel=\"nofollow noopener\" target=\"_blank\">Pedro Bial<\/a>, <a href=\"https:\/\/oglobo.globo.com\/cultura\/livros\/noticia\/2022\/08\/em-novo-livro-sergio-rodrigues-usa-ironia-de-machado-de-assis-para-falar-do-brasil.ghtml\" rel=\"nofollow noopener\" target=\"_blank\">S\u00e9rgio Rodrigues <\/a>e Jarid Arraes (por quest\u00f5es de sa\u00fade). Ao jornal, a organizadora Liz Alves, disse que as chuvas em Curitiba atrapalharam a montagem da infraestrutura e for\u00e7aram o adiamento. Ela tamb\u00e9m afirmou que as not\u00edcias negativas do evento levaram fornecedores a exigirem pagamentos adiantados e que n\u00e3o estavam previstos no or\u00e7amento.<\/p>\n<p>Na ter\u00e7a-feira, a escritora Thalita Rebou\u00e7as compartilhou um v\u00eddeo nas redes sociais acusando a Bienal de \u201ccal\u00fania\u201d. Em nota enviada ao jornal Plural, a Cocar Produ\u00e7\u00f5es Editoriais afirmou que ela havia cancelado sua participa\u00e7\u00e3o devido a \u201cuma altera\u00e7\u00e3o de valores de cach\u00ea\u201d. <\/p>\n<p>A jornalista e escritora <a href=\"https:\/\/www.publishnews.com.br\/etiquetas\/iara-biderman\" target=\"_blank\" rel=\"nofollow noopener\">Iara Biderman<\/a>, editora da <a href=\"https:\/\/www.publishnews.com.br\/etiquetas\/quatro-cinco-um\" target=\"_blank\" rel=\"nofollow noopener\">Quatro Cinco Um<\/a>, pegou um avi\u00e3o para cobrir a Festa Liter\u00e1ria Internacional de Niter\u00f3i a convite da organiza\u00e7\u00e3o. O primeiro texto, que resume o clima do evento, <a href=\"https:\/\/quatrocincoum.com.br\/noticias\/bagagem-literaria\/festa-literaria-de-niteroi-convoca-escritores-a-debater-ia-autoria-feminina-e-amazonia\/\" target=\"_blank\" rel=\"nofollow noopener\">est\u00e1 neste texto aqui<\/a>. <\/p>\n<p>O <a href=\"https:\/\/www.estadao.com.br\/cultura\/literatura\/texto-perdido-de-virginia-woolf-e-publicado-pela-primeira-vez-especialistas-analisam\" target=\"_blank\" rel=\"nofollow noopener\">Estado de S. Paulo<\/a> repercutiu uma not\u00edcia do <strong>The Washington Post<\/strong> sobre um texto perdido de Virginia Woolf. os escritos foram encontrados em 2018. A produ\u00e7\u00e3o A vida de Violeta (em tradu\u00e7\u00e3o livre) \u00e9 um trio de contos de fadas sobre uma mulher chamada Violet, uma mulher simples e muito alta, que amava literatura, mantinha um jardim m\u00e1gico em sua casa de campo. O <a href=\"https:\/\/www.estadao.com.br\/web-stories\/cultura\/literatura\/6-livros-que-todo-professor-precisa-ler-pelo-menos-uma-vez-na-vida-nprec\" target=\"_blank\" rel=\"nofollow noopener\">Estad\u00e3o<\/a> tamb\u00e9m listou seis livros que todo professor deveria ler pelo menos uma vez na vida.<\/p>\n<p>O influenciador e escritor Pedro Pac\u00edfico usou o espa\u00e7o de sua coluna no jornal <a href=\"https:\/\/oglobo.globo.com\/cultura\/pedro-pacifico\/coluna\/2025\/10\/o-dia-em-que-nao-gostei-de-jane-austen.ghtml\" target=\"_blank\" rel=\"nofollow noopener\">O Globo<\/a> para abordar sua experi\u00eancia lendo obras da escritora Jane Austen, que comemora 200 anos em 2025.<\/p>\n<p>A <a href=\"https:\/\/forbes.com.br\/forbeslife\/2025\/10\/olho-magico-livro-backstage-spfw-retrata-bastidores-da-moda-brasileira\" target=\"_blank\" rel=\"nofollow noopener\">Forbes Brasil<\/a> contou mais sobre o livro Backstage SPFW (Senac), publica\u00e7\u00e3o que traz um recorte das fotografias de Renato de Cara e ilustra\u00e7\u00f5es de Filipe Jardim realizadas nos bastidores da semana de moda entre 1999 e 2013 e conta com fotos de Renato de Cara e ilustra\u00e7\u00f5es de Filipe Jardim.<\/p>\n<p>A Folha de S. Paulo publicou uma <a href=\"https:\/\/www1.folha.uol.com.br\/ilustrada\/2025\/10\/livro-porrada-reinventa-historias-de-boxe-com-traumas-de-garotas.shtml\" target=\"_blank\" rel=\"nofollow noopener\">resenha<\/a> do livro Porrada (Todavia) e uma <a href=\"https:\/\/www1.folha.uol.com.br\/ilustrissima\/2025\/10\/nova-traducao-resgata-prosa-excepcional-de-platao.shtml\" target=\"_blank\" rel=\"nofollow noopener\">reportagem<\/a> sobre nova tradu\u00e7\u00e3o de F\u00e9don, &#8216;prosa expecional&#8217; de Plat\u00e3o.<\/p>\n<p>O Pr\u00eamio Brasil Publisher Awards foi tema de reportagem no <a href=\"https:\/\/www.poder360.com.br\/poder-midia\/brasil-publisher-awards-chega-a-2a-edicao-com-foco-no-impacto-da-ia\" target=\"_blank\" style=\"background-color: transparent;\" rel=\"nofollow noopener\">Poder 360<\/a>. Com inscri\u00e7\u00f5es at\u00e9 25 de novembro, a honraria avalia inova\u00e7\u00e3o e relev\u00e2ncia editorial de sites e portais em 11 categorias.<\/p>\n","protected":false},"excerpt":{"rendered":"Apanhad\u00e3o da semana: autores repercutem &#8216;desorganiza\u00e7\u00e3o&#8217; da Bienal do Paran\u00e1 e mais Veja tamb\u00e9m: textos in\u00e9ditos de Virginia&hellip;\n","protected":false},"author":2,"featured_media":118841,"comment_status":"","ping_status":"","sticky":false,"template":"","format":"standard","meta":{"footnotes":""},"categories":[143],"tags":[868,877,867,169,869,872,873,880,114,115,874,870,875,878,879,864,876,237,871,170,865,866,13,32,33],"class_list":{"0":"post-118840","1":"post","2":"type-post","3":"status-publish","4":"format-standard","5":"has-post-thumbnail","7":"category-livros","8":"tag-best-seller","9":"tag-biblioteca","10":"tag-bienal-do-livro","11":"tag-books","12":"tag-clipping","13":"tag-e-book","14":"tag-ebook","15":"tag-editora","16":"tag-entertainment","17":"tag-entretenimento","18":"tag-escritor","19":"tag-eventos","20":"tag-festival-literario","21":"tag-lancamentos","22":"tag-leitura","23":"tag-literatura","24":"tag-livraria","25":"tag-livro","26":"tag-livro-digital","27":"tag-livros","28":"tag-mercado-editorial","29":"tag-mercado-livreiro","30":"tag-noticias","31":"tag-portugal","32":"tag-pt"},"share_on_mastodon":{"url":"https:\/\/pubeurope.com\/@pt\/115406769123356378","error":""},"_links":{"self":[{"href":"https:\/\/www.europesays.com\/pt\/wp-json\/wp\/v2\/posts\/118840","targetHints":{"allow":["GET"]}}],"collection":[{"href":"https:\/\/www.europesays.com\/pt\/wp-json\/wp\/v2\/posts"}],"about":[{"href":"https:\/\/www.europesays.com\/pt\/wp-json\/wp\/v2\/types\/post"}],"author":[{"embeddable":true,"href":"https:\/\/www.europesays.com\/pt\/wp-json\/wp\/v2\/users\/2"}],"replies":[{"embeddable":true,"href":"https:\/\/www.europesays.com\/pt\/wp-json\/wp\/v2\/comments?post=118840"}],"version-history":[{"count":0,"href":"https:\/\/www.europesays.com\/pt\/wp-json\/wp\/v2\/posts\/118840\/revisions"}],"wp:featuredmedia":[{"embeddable":true,"href":"https:\/\/www.europesays.com\/pt\/wp-json\/wp\/v2\/media\/118841"}],"wp:attachment":[{"href":"https:\/\/www.europesays.com\/pt\/wp-json\/wp\/v2\/media?parent=118840"}],"wp:term":[{"taxonomy":"category","embeddable":true,"href":"https:\/\/www.europesays.com\/pt\/wp-json\/wp\/v2\/categories?post=118840"},{"taxonomy":"post_tag","embeddable":true,"href":"https:\/\/www.europesays.com\/pt\/wp-json\/wp\/v2\/tags?post=118840"}],"curies":[{"name":"wp","href":"https:\/\/api.w.org\/{rel}","templated":true}]}}