{"id":118856,"date":"2025-10-20T13:46:28","date_gmt":"2025-10-20T13:46:28","guid":{"rendered":"https:\/\/www.europesays.com\/pt\/118856\/"},"modified":"2025-10-20T13:46:28","modified_gmt":"2025-10-20T13:46:28","slug":"ativista-sobe-ao-topo-da-ponte-25-de-abril-para-colocar-bandeira-da-palestina-acabou-detido-pela-psp","status":"publish","type":"post","link":"https:\/\/www.europesays.com\/pt\/118856\/","title":{"rendered":"Ativista sobe ao topo da Ponte 25 de Abril para colocar bandeira da Palestina. Acabou detido pela PSP"},"content":{"rendered":"<p>\t                Agentes constataram que o indiv\u00edduo se encontrava a cerca de 190 metros de altura<\/p>\n<p>A PSP deteve este domingo um ativista que subiu ao topo da Ponte 25 de abril, alegadamente pelo t\u00fanel da Fertagus que se inicia no Pragal, em Almada, para ali colocar uma bandeira da Palestina.<\/p>\n<p>Em comunicado, a Pol\u00edcia de Seguran\u00e7a P\u00fablica informou ter sido alertada pelo Centro de Comando e Controlo da Lusoponte para a presen\u00e7a de um indiv\u00edduo que se encontrava apeado sobre um dos tubos laterais met\u00e1licos do tabuleiro, no sentido Sul\/Norte, tentando aceder ao ponto mais alto da infraestrutura.<\/p>\n<p>Os agentes constataram que o indiv\u00edduo se encontrava a cerca de 190 metros de altura, n\u00e3o sendo poss\u00edvel num primeiro momento, estabelecer di\u00e1logo de forma a demov\u00ea-lo de prosseguir, adianta a nota de imprensa.<\/p>\n<p>Dez minutos volvidos, o detido \u201ccolocou no topo superior do pilar da Ponte 25 de abril uma bandeira de grandes dimens\u00f5es alusiva \u00e0 Palestina, percorrendo todo o pilar com outra bandeira de pequenas dimens\u00f5es\u201d.<\/p>\n<p>\u201cFace \u00e0 situa\u00e7\u00e3o de perigo para pessoas e bens e em coordena\u00e7\u00e3o com elementos das Infraestruturas de Portugal foi necess\u00e1rio aceder ao topo da ponte, pelo interior de um dos pilares, de forma a estabelecer contacto direto com o indiv\u00edduo e garantir a sua descida em seguran\u00e7a\u201d, refere ainda o comunicado.<\/p>\n<blockquote class=\"twitter-tweet\" data-media-max-width=\"560\">\n<p lang=\"ro\">Today a activist climbed the Bridge in Lisbon &#8211; 25th of April Bridge for Palestine<br \/>Hoje um activista subiu \u00e0 Ponte em Lisboa &#8211; Ponte 25 de Abril pela Palestina<a href=\"https:\/\/twitter.com\/hashtag\/FreePalestine?src=hash&amp;ref_src=twsrc%5Etfw\" rel=\"nofollow noopener\" target=\"_blank\">#FreePalestine<\/a> <a href=\"https:\/\/twitter.com\/hashtag\/PTrevolutionTV?src=hash&amp;ref_src=twsrc%5Etfw\" rel=\"nofollow noopener\" target=\"_blank\">#PTrevolutionTV<\/a> <a href=\"https:\/\/twitter.com\/hashtag\/indymediaPT?src=hash&amp;ref_src=twsrc%5Etfw\" rel=\"nofollow noopener\" target=\"_blank\">#indymediaPT<\/a> <a href=\"https:\/\/t.co\/KtFCuIUMFt\" rel=\"nofollow\">pic.twitter.com\/KtFCuIUMFt<\/a><\/p>\n<p> \u2014 PTrevolutionTV (@PTrevolutionTV) <a href=\"https:\/\/twitter.com\/PTrevolutionTV\/status\/1979908899114221868?ref_src=twsrc%5Etfw\" rel=\"nofollow noopener\" target=\"_blank\">October 19, 2025<\/a>\n<\/p><\/blockquote>\n<p>Segundo a PSP, o ativista justificou a sua a\u00e7\u00e3o como forma de manifesta\u00e7\u00e3o e a \u00fanica maneira de ser ouvido relativamente ao conflito que ocorre na Faixa de Gaza, na Palestina.<\/p>\n<p>Ainda de acordo com a PSP, o homem ter\u00e1 acedido ao local atrav\u00e9s do t\u00fanel da Fertagus que inicia no Pragal.<\/p>\n<p>Informa ainda a Pol\u00edcia que o detido e ser\u00e1 presente na segunda-feira no Tribunal de Lisboa, Inst\u00e2ncia Local Criminal de Lisboa &#8211; Sec\u00e7\u00e3o de Pequena Criminalidade.<\/p>\n<p>\t            <script async src=\"https:\/\/platform.twitter.com\/widgets.js\" charset=\"utf-8\"><\/script><\/p>\n","protected":false},"excerpt":{"rendered":"Agentes constataram que o indiv\u00edduo se encontrava a cerca de 190 metros de altura A PSP deteve este&hellip;\n","protected":false},"author":2,"featured_media":118857,"comment_status":"","ping_status":"","sticky":false,"template":"","format":"standard","meta":{"footnotes":""},"categories":[10],"tags":[609,836,611,23902,27,28,607,608,333,832,604,135,610,476,15,16,532,301,830,14,603,25,26,570,21,22,831,833,432,62,834,12,13,19,20,835,602,431,52,6738,32,23,24,9780,1306,33,17,18,29,30,31],"class_list":{"0":"post-118856","1":"post","2":"type-post","3":"status-publish","4":"format-standard","5":"has-post-thumbnail","7":"category-portugal","8":"tag-alerta","9":"tag-analise","10":"tag-ao-minuto","11":"tag-ativistas","12":"tag-breaking-news","13":"tag-breakingnews","14":"tag-cnn","15":"tag-cnn-portugal","16":"tag-comentadores","17":"tag-costa","18":"tag-crime","19":"tag-desporto","20":"tag-direto","21":"tag-economia","22":"tag-featured-news","23":"tag-featurednews","24":"tag-gaza","25":"tag-governo","26":"tag-guerra","27":"tag-headlines","28":"tag-justica","29":"tag-latest-news","30":"tag-latestnews","31":"tag-live","32":"tag-main-news","33":"tag-mainnews","34":"tag-mais-vistas","35":"tag-marcelo","36":"tag-medio-oriente","37":"tag-mundo","38":"tag-negocios","39":"tag-news","40":"tag-noticias","41":"tag-noticias-principais","42":"tag-noticiasprincipais","43":"tag-opiniao","44":"tag-pais","45":"tag-palestina","46":"tag-politica","47":"tag-ponte-25-de-abril","48":"tag-portugal","49":"tag-principais-noticias","50":"tag-principaisnoticias","51":"tag-protesto","52":"tag-psp","53":"tag-pt","54":"tag-top-stories","55":"tag-topstories","56":"tag-ultimas","57":"tag-ultimas-noticias","58":"tag-ultimasnoticias"},"share_on_mastodon":{"url":"","error":"Validation failed: Text character limit of 500 exceeded"},"_links":{"self":[{"href":"https:\/\/www.europesays.com\/pt\/wp-json\/wp\/v2\/posts\/118856","targetHints":{"allow":["GET"]}}],"collection":[{"href":"https:\/\/www.europesays.com\/pt\/wp-json\/wp\/v2\/posts"}],"about":[{"href":"https:\/\/www.europesays.com\/pt\/wp-json\/wp\/v2\/types\/post"}],"author":[{"embeddable":true,"href":"https:\/\/www.europesays.com\/pt\/wp-json\/wp\/v2\/users\/2"}],"replies":[{"embeddable":true,"href":"https:\/\/www.europesays.com\/pt\/wp-json\/wp\/v2\/comments?post=118856"}],"version-history":[{"count":0,"href":"https:\/\/www.europesays.com\/pt\/wp-json\/wp\/v2\/posts\/118856\/revisions"}],"wp:featuredmedia":[{"embeddable":true,"href":"https:\/\/www.europesays.com\/pt\/wp-json\/wp\/v2\/media\/118857"}],"wp:attachment":[{"href":"https:\/\/www.europesays.com\/pt\/wp-json\/wp\/v2\/media?parent=118856"}],"wp:term":[{"taxonomy":"category","embeddable":true,"href":"https:\/\/www.europesays.com\/pt\/wp-json\/wp\/v2\/categories?post=118856"},{"taxonomy":"post_tag","embeddable":true,"href":"https:\/\/www.europesays.com\/pt\/wp-json\/wp\/v2\/tags?post=118856"}],"curies":[{"name":"wp","href":"https:\/\/api.w.org\/{rel}","templated":true}]}}