{"id":118858,"date":"2025-10-20T13:48:10","date_gmt":"2025-10-20T13:48:10","guid":{"rendered":"https:\/\/www.europesays.com\/pt\/118858\/"},"modified":"2025-10-20T13:48:10","modified_gmt":"2025-10-20T13:48:10","slug":"ana-beatriz-nogueira-desabafa-sobre-habito-e-medico-alerta-risco-aumentado-de-desenvolver-cancer","status":"publish","type":"post","link":"https:\/\/www.europesays.com\/pt\/118858\/","title":{"rendered":"Ana Beatriz Nogueira desabafa sobre h\u00e1bito e m\u00e9dico alerta: &#8216;Risco aumentado de desenvolver c\u00e2ncer&#8217;"},"content":{"rendered":"<p>A atriz\u00a0<a href=\"https:\/\/caras.com.br\/tags\/ana-beatriz-nogueira\" rel=\"nofollow noopener\" target=\"_blank\"><strong>Ana Beatriz Nogueira<\/strong><\/a> (57) relembrou como foi descobrir que tinha um tumor no pulm\u00e3o. A artista descobriu o c\u00e2ncer em est\u00e1gio inicial, no ano de 2021, e conseguiu retir\u00e1-lo em uma cirurgia. Hoje, ela est\u00e1 completamente recuperada.<\/p>\n<p>Ana Beatriz Nogueira bateu um papo sincero com o jornal O Globo e revelou como descobriu o c\u00e2ncer de pulm\u00e3o e desabafou sobre o h\u00e1bito de fumar,\u00a0onde confessou que, em alguns momentos, tem reca\u00eddas.<\/p>\n<p>\u201cEu peguei muito cedo por causa de fazer exames. Eu fumante [\u2026] Eu tenho reca\u00eddas, eu parei tudo, n\u00e3o bebo, n\u00e3o nada, mas \u00e0s vezes aquele cigarro que \u00e9 prazeroso, eu n\u00e3o vou mentir, \u00e0s vezes dou uma escorregadinha. O meu [c\u00e2ncer de pulm\u00e3o] foi muito no \u00ednicio por causa desses exames anuais que a gente faz. Apareceu uma suspeita numa chapa, ai fui fazer a tomografia e de um [exame] para o outro se confirmou\u201d, declarou a atriz, no m\u00eas de setembro, em entrevista ao O Globo.<\/p>\n<p> Saiba a opini\u00e3o de um m\u00e9dico especialista <\/p>\n<p>Para entender mais sobre o assunto, a <strong>CARAS Brasil<\/strong> entrevista o <strong>Dr. Elge Werneck Araujo Junior<\/strong>, m\u00e9dico oncologista formado em Medicina pela Faculdade de Medicina de Barbacena (MG) com resid\u00eancia M\u00e9dica em Oncologia Cl\u00ednica no Hospital Felicio Rocho e Observer no Dana Farber C\u00e2ncer Institute \u2013 Boston. Ele explica impacto do cigarro no diagn\u00f3stico de c\u00e2ncer de pulm\u00e3o.<\/p>\n<p>\u201cOs cigarros, de todas as modalidades, sejam tradicionais, eletr\u00f4nicos, charutos, de palha, marijuana etc podem caducar c\u00e2ncer de pulm\u00e3o. Em toda eles h\u00e1 uma s\u00e9rie de subst\u00e2ncias capazes de alterar o DNA celular, levando ao desenvolvimento do c\u00e2ncer\u201d, declara.<\/p>\n<p> Dados que chamam a aten\u00e7\u00e3o <\/p>\n<p>O c\u00e2ncer de pulm\u00e3o, segundo as estimativas 2023 do Instituto Nacional de C\u00e2ncer (INCA), \u00e9 o terceiro mais comum em homens (18.020 casos novos) e o quarto em mulheres no Brasil (14.540 casos novos) \u2013 sem contar o c\u00e2ncer de pele n\u00e3o melanoma. \u00c9 o primeiro em todo o mundo em incid\u00eancia entre os homens e o terceiro entre as mulheres.<\/p>\n<p>O instituto ainda aponta que o cigarro \u00e9, de longe, o mais importante fator de risco para o desenvolvimento do c\u00e2ncer de pulm\u00e3o. O Dr. Elge explica qual a rela\u00e7\u00e3o: \u201cImportante frisar que a nicotina causa depend\u00eancia qu\u00edmica, sendo uma das subst\u00e2ncias mais viciantes conhecidas, o que gera um ciclo repetido de exposi\u00e7\u00e3o ao cigarro e com o tempo, o risco aumentado de desenvolver c\u00e2ncer\u201d.<\/p>\n<p> Qual a rela\u00e7\u00e3o do cigarro e como abandonar este h\u00e1bito? <\/p>\n<p>Antes de tudo, \u00e9 importante refor\u00e7ar que o tabagismo \u00e9 considerado uma doen\u00e7a cr\u00f4nica causada pela depend\u00eancia da nicotina, classificada pela Organiza\u00e7\u00e3o Mundial da Sa\u00fade (OMS). O oncologista incentiva: \u201cEstudos sugerem que ap\u00f3s 10-15 anos de interrup\u00e7\u00e3o do tabagismo, o risco [de desenvolver c\u00e2ncer] pode retornar aos riscos semelhantes de um indiv\u00edduo n\u00e3o fumante\u201d, finaliza o oncologista ao avaliar o caso da <a href=\"https:\/\/www.instagram.com\/anabeatriznogueira_oficial\/\" rel=\"nofollow noopener\" target=\"_blank\">atriz<\/a>.<\/p>\n<p>Para quem deseja o tratamento desta condi\u00e7\u00e3o, o Minist\u00e9rio da Sa\u00fade\u00a0aconselha procurar uma Unidade B\u00e1sica de Sa\u00fade (UBS) mais pr\u00f3xima onde o paciente poder\u00e1 se inscrever no programa gratuito de cessa\u00e7\u00e3o de tabagismo, que oferece acompanhamento profissional, grupos de terapia e, se necess\u00e1rio, medicamentos.<\/p>\n<p>Se preferir, pode ligar para o n\u00famero 136 (Disque Sa\u00fade) para obter informa\u00e7\u00f5es sobre onde o tratamento est\u00e1 dispon\u00edvel em seu munic\u00edpio.<\/p>\n<p><strong>Leia mais<\/strong>: <a href=\"https:\/\/caras.com.br\/bem-estar\/ana-beatriz-nogueira-revela-como-descobriu-o-cancer.phtml\" rel=\"nofollow noopener\" target=\"_blank\">Ana Beatriz Nogueira revela como descobriu o c\u00e2ncer<\/a><\/p>\n<p>\t CONFIRA UMA PUBLICA\u00c7\u00c3O RECENTE DA ATRIZ ANA BEATRIZ NOGUEIRA NAS REDES SOCIAIS: <\/p>\n<blockquote class=\"instagram-media\" style=\"background: #FFF; border: 0; border-radius: 3px; box-shadow: 0 0 1px 0 rgba(0,0,0,0.5),0 1px 10px 0 rgba(0,0,0,0.15); margin: 1px; max-width: 540px; min-width: 326px; padding: 0; width: calc(100% - 2px);\" data-instgrm-captioned=\"\" data-instgrm-permalink=\"https:\/\/www.instagram.com\/reel\/DP9jWKwjsvw\/?utm_source=ig_embed&amp;utm_campaign=loading\" data-instgrm-version=\"14\"><\/blockquote>\n<p>        <a href=\"https:\/\/caras.com.br\/autor\/dr-elge-werneck-araujo-junior\" rel=\"nofollow noopener\" target=\"_blank\">&#13;<br \/>\n          <img loading=\"lazy\" decoding=\"async\" alt=\"Dr. Elge Werneck Araujo Junior\" src=\"https:\/\/www.europesays.com\/pt\/wp-content\/uploads\/2025\/10\/dr.elge_werneck_araujo_junior-150x150.jpg\" class=\"avatar avatar-115 photo rounded-circle\" height=\"115\" width=\"115\"\/>        <\/a><\/p>\n<p>Dr. Elge Werneck Araujo J\u00fanior \u00e9 oncologista cl\u00ednico do Grupo Oncocl\u00ednicas Unidade Curitiba (CRM: 35939). Formando em Medicina pela Faculdade de Medicina de Barbacena (MG), fez Resid\u00eancia M\u00e9dica em Oncologia Cl\u00ednica no Hospital Felicio Rocho e Observer no Dana Farber C\u00e2ncer Institute &#8211; Boston. \u00c9 Membro Titular da Sociedade Brasileira de Oncologia Cl\u00ednica (SBOC) e Membro da Sociedade Americana de Oncologia Cl\u00ednica (ASCO).<\/p>\n<p>\t                                            <script async src=\"\/\/www.instagram.com\/embed.js\"><\/script><\/p>\n","protected":false},"excerpt":{"rendered":"A atriz\u00a0Ana Beatriz Nogueira (57) relembrou como foi descobrir que tinha um tumor no pulm\u00e3o. A artista descobriu&hellip;\n","protected":false},"author":2,"featured_media":118859,"comment_status":"","ping_status":"","sticky":false,"template":"","format":"standard","meta":{"footnotes":""},"categories":[145],"tags":[2138,211,210,11117,114,115,26377,11997,23574,32,33],"class_list":{"0":"post-118858","1":"post","2":"type-post","3":"status-publish","4":"format-standard","5":"has-post-thumbnail","7":"category-celebridades","8":"tag-cancer-de-pulmao","9":"tag-celebridades","10":"tag-celebrities","11":"tag-cigarro","12":"tag-entertainment","13":"tag-entretenimento","14":"tag-fumar","15":"tag-habito","16":"tag-oncologista","17":"tag-portugal","18":"tag-pt"},"share_on_mastodon":{"url":"https:\/\/pubeurope.com\/@pt\/115406812303149652","error":""},"_links":{"self":[{"href":"https:\/\/www.europesays.com\/pt\/wp-json\/wp\/v2\/posts\/118858","targetHints":{"allow":["GET"]}}],"collection":[{"href":"https:\/\/www.europesays.com\/pt\/wp-json\/wp\/v2\/posts"}],"about":[{"href":"https:\/\/www.europesays.com\/pt\/wp-json\/wp\/v2\/types\/post"}],"author":[{"embeddable":true,"href":"https:\/\/www.europesays.com\/pt\/wp-json\/wp\/v2\/users\/2"}],"replies":[{"embeddable":true,"href":"https:\/\/www.europesays.com\/pt\/wp-json\/wp\/v2\/comments?post=118858"}],"version-history":[{"count":0,"href":"https:\/\/www.europesays.com\/pt\/wp-json\/wp\/v2\/posts\/118858\/revisions"}],"wp:featuredmedia":[{"embeddable":true,"href":"https:\/\/www.europesays.com\/pt\/wp-json\/wp\/v2\/media\/118859"}],"wp:attachment":[{"href":"https:\/\/www.europesays.com\/pt\/wp-json\/wp\/v2\/media?parent=118858"}],"wp:term":[{"taxonomy":"category","embeddable":true,"href":"https:\/\/www.europesays.com\/pt\/wp-json\/wp\/v2\/categories?post=118858"},{"taxonomy":"post_tag","embeddable":true,"href":"https:\/\/www.europesays.com\/pt\/wp-json\/wp\/v2\/tags?post=118858"}],"curies":[{"name":"wp","href":"https:\/\/api.w.org\/{rel}","templated":true}]}}