{"id":118860,"date":"2025-10-20T13:50:26","date_gmt":"2025-10-20T13:50:26","guid":{"rendered":"https:\/\/www.europesays.com\/pt\/118860\/"},"modified":"2025-10-20T13:50:26","modified_gmt":"2025-10-20T13:50:26","slug":"secretaria-de-estado-de-educacao-de-minas-gerais-2","status":"publish","type":"post","link":"https:\/\/www.europesays.com\/pt\/118860\/","title":{"rendered":"Secretaria de Estado de Educa\u00e7\u00e3o de Minas Gerais"},"content":{"rendered":"<p>O vice-governador de Minas Gerais, Mateus Sim\u00f5es, anunciou, nesta quinta-feira (8\/5), durante a Bienal Mineira do Livro 2025, o lan\u00e7amento da Olimp\u00edada de Reda\u00e7\u00e3o da Rede Estadual de Minas Gerais. A iniciativa vai mobilizar milhares de estudantes da rede p\u00fablica em torno do desenvolvimento da leitura, da escrita e da cidadania.<\/p>\n<p>Promovida pelo\u00a0<a href=\"https:\/\/www.mg.gov.br\/\" target=\"_blank\" rel=\"noreferrer noopener nofollow\">Governo de Minas<\/a>, por meio da\u00a0<a href=\"https:\/\/www.educacao.mg.gov.br\/\" target=\"_blank\" rel=\"noreferrer noopener nofollow\">Secretaria de Estado de Educa\u00e7\u00e3o de Minas Gerais (SEE\/MG)<\/a>, a Olimp\u00edada ter\u00e1 como tema \u201cOs efeitos do uso excessivo do celular pelas crian\u00e7as, adolescentes e jovens\u201d. O objetivo \u00e9 fomentar o protagonismo juvenil e estimular o pensamento cr\u00edtico sobre um tema atual e relevante, que \u00e9 o papel da tecnologia em suas vidas.<\/p>\n<p>\u201cPela primeira vez na hist\u00f3ria, Minas Gerais ter\u00e1 uma Olimp\u00edada de Reda\u00e7\u00e3o para alunos do estado inteiro, em todas as regi\u00f5es. Com isso, os estudantes mineiros ter\u00e3o a oportunidade de ter uma reda\u00e7\u00e3o premiada, publicada e lida por milhares de pessoas. O vencedor ou vencedora receber\u00e1 ainda um reconhecimento e uma premia\u00e7\u00e3o\u201d, explicou Mateus Sim\u00f5es.<\/p>\n<p>A a\u00e7\u00e3o \u00e9 voltada para estudantes do 5\u00ba ano do ensino fundamental at\u00e9 o 3\u00ba ano do ensino m\u00e9dio das escolas estaduais, incluindo a Educa\u00e7\u00e3o de Jovens e Adultos (EJA). Tamb\u00e9m est\u00e1 garantida a participa\u00e7\u00e3o dos estudantes da educa\u00e7\u00e3o especial, do sistema prisional e do socioeducativo, que seguir\u00e3o orienta\u00e7\u00f5es espec\u00edficas.<\/p>\n<p>A reda\u00e7\u00e3o ser\u00e1 realizada em sala de aula, no dia 11\/6, e o processo de sele\u00e7\u00e3o seguir\u00e1 at\u00e9 setembro. A a\u00e7\u00e3o est\u00e1 alinhada \u00e0s diretrizes da Pol\u00edtica Nacional de Leitura e Escrita (PNLE) e ao Curr\u00edculo Refer\u00eancia de Minas Gerais (CRMG).<\/p>\n<p><strong>Etapas e premia\u00e7\u00e3o<\/strong><\/p>\n<p>A competi\u00e7\u00e3o ser\u00e1 realizada em tr\u00eas fases: escolar, regional e estadual. As produ\u00e7\u00f5es dos estudantes ser\u00e3o organizadas em tr\u00eas categorias, conforme a etapa de ensino: narrativa curta, narrativa longa e dissertativo-argumentativo.<\/p>\n<p>Os textos ser\u00e3o avaliados de acordo com cada categoria textual, considerando a adequa\u00e7\u00e3o \u00e0 proposta de produ\u00e7\u00e3o, clareza, coes\u00e3o e coer\u00eancia das ideias, dom\u00ednio da norma padr\u00e3o da l\u00edngua portuguesa, al\u00e9m de criatividade, originalidade e aspectos lingu\u00edsticos e formais da escrita.<\/p>\n<p>Em caso de empate nas fases regional ou estadual, ter\u00e3o prioridade os textos com maior nota nos crit\u00e9rios de adequa\u00e7\u00e3o \u00e0 proposta, seguidos por criatividade e originalidade, e, por fim, dom\u00ednio da norma padr\u00e3o da l\u00edngua portuguesa.<\/p>\n<p>Ao final do processo, ser\u00e3o selecionados vencedores na etapa estadual, em cada etapa de ensino. Os textos vencedores tamb\u00e9m ser\u00e3o publicados em uma colet\u00e2nea digital. Al\u00e9m disso, os estudantes premiados receber\u00e3o men\u00e7\u00e3o honrosa, assim como suas respectivas escolas e Superintend\u00eancias Regionais de Ensino (SREs). O edital com todas as informa\u00e7\u00f5es ser\u00e1 publicado posteriormente.<\/p>\n<p><strong>Bienal do Livro<\/strong><\/p>\n<p>A Bienal Mineira do Livro 2025 \u00e9 realizada no Centerminas Expo, em Belo Horizonte, de 3 a 10\/5, com o tema \u201cViver \u00e9 Plural. Ler \u00e9 Plural\u201d, inspirado na obra do escritor homenageado deste ano, o mineiro Jo\u00e3o Guimar\u00e3es Rosa. A Bienal tem uma programa\u00e7\u00e3o com mesas tem\u00e1ticas, oficinas, saraus, experi\u00eancias sensoriais e lan\u00e7amentos, reunindo centenas de artistas nacionais e internacionais.<\/p>\n<p>Neste ano, o Governo de Minas investiu R$ 4,8 milh\u00f5es na distribui\u00e7\u00e3o de vales-livros por meio da SEE\/MG, o maior montante j\u00e1 destinado pela pasta em eventos desse g\u00eanero. Ao todo, foram entregues mais de 90 mil vale-livros, beneficiando cerca de 82 mil estudantes e 7,7 mil professores de 511 escolas estaduais, localizadas em 89 munic\u00edpios.<\/p>\n<p>Cada estudante recebeu um vale-livro no valor de R$ 50, enquanto os professores foram contemplados com vales de R$ 100, refor\u00e7ando o incentivo \u00e0 leitura tamb\u00e9m entre os educadores.<\/p>\n<p><strong>Foco na forma\u00e7\u00e3o leitora<\/strong><\/p>\n<p>As a\u00e7\u00f5es est\u00e3o integradas ao Projeto de Leitura e Escrita, que representa um investimento de R$ 212 milh\u00f5es e tem como objetivo fomentar o h\u00e1bito da leitura e aprimorar as compet\u00eancias textuais dos estudantes da rede estadual.<\/p>\n<p>Desse montante, R$ 180 milh\u00f5es foram destinados \u00e0 requalifica\u00e7\u00e3o de bibliotecas em mais de 3,4 mil escolas, promovendo a moderniza\u00e7\u00e3o dos espa\u00e7os de leitura. Al\u00e9m disso, R$ 7 milh\u00f5es viabilizam o acesso ao acervo da Britannica Education, e R$ 5 milh\u00f5es foram investidos na plataforma digital Elefante Letrado.<\/p>\n<p>\u201cA Olimp\u00edada de Reda\u00e7\u00e3o se insere na nossa pol\u00edtica de incentivo \u00e0 leitura e \u00e0 escrita dos nossos estudantes, pela qual tamb\u00e9m investimos na atualiza\u00e7\u00e3o das bibliotecas e na compra de livros para as escolas\u201d, sinalizou o secret\u00e1rio de Estado de Educa\u00e7\u00e3o, Igor de Alvarenga.<\/p>\n<p>Outro destaque \u00e9 o investimento de R$ 20 milh\u00f5es no projeto Territ\u00f3rio da Leitura, que leva \u00e0s escolas obras de grandes autores da literatura nacional e internacional, ampliando o repert\u00f3rio cultural e liter\u00e1rio dos estudantes.<\/p>\n<p>Fotos: Cristiano Machado\/Imprensa MG<\/p>\n","protected":false},"excerpt":{"rendered":"O vice-governador de Minas Gerais, Mateus Sim\u00f5es, anunciou, nesta quinta-feira (8\/5), durante a Bienal Mineira do Livro 2025,&hellip;\n","protected":false},"author":2,"featured_media":118861,"comment_status":"","ping_status":"","sticky":false,"template":"","format":"standard","meta":{"footnotes":""},"categories":[143],"tags":[169,114,115,170,32,33],"class_list":{"0":"post-118860","1":"post","2":"type-post","3":"status-publish","4":"format-standard","5":"has-post-thumbnail","7":"category-livros","8":"tag-books","9":"tag-entertainment","10":"tag-entretenimento","11":"tag-livros","12":"tag-portugal","13":"tag-pt"},"share_on_mastodon":{"url":"https:\/\/pubeurope.com\/@pt\/115406820853037962","error":""},"_links":{"self":[{"href":"https:\/\/www.europesays.com\/pt\/wp-json\/wp\/v2\/posts\/118860","targetHints":{"allow":["GET"]}}],"collection":[{"href":"https:\/\/www.europesays.com\/pt\/wp-json\/wp\/v2\/posts"}],"about":[{"href":"https:\/\/www.europesays.com\/pt\/wp-json\/wp\/v2\/types\/post"}],"author":[{"embeddable":true,"href":"https:\/\/www.europesays.com\/pt\/wp-json\/wp\/v2\/users\/2"}],"replies":[{"embeddable":true,"href":"https:\/\/www.europesays.com\/pt\/wp-json\/wp\/v2\/comments?post=118860"}],"version-history":[{"count":0,"href":"https:\/\/www.europesays.com\/pt\/wp-json\/wp\/v2\/posts\/118860\/revisions"}],"wp:featuredmedia":[{"embeddable":true,"href":"https:\/\/www.europesays.com\/pt\/wp-json\/wp\/v2\/media\/118861"}],"wp:attachment":[{"href":"https:\/\/www.europesays.com\/pt\/wp-json\/wp\/v2\/media?parent=118860"}],"wp:term":[{"taxonomy":"category","embeddable":true,"href":"https:\/\/www.europesays.com\/pt\/wp-json\/wp\/v2\/categories?post=118860"},{"taxonomy":"post_tag","embeddable":true,"href":"https:\/\/www.europesays.com\/pt\/wp-json\/wp\/v2\/tags?post=118860"}],"curies":[{"name":"wp","href":"https:\/\/api.w.org\/{rel}","templated":true}]}}