{"id":118862,"date":"2025-10-20T13:51:13","date_gmt":"2025-10-20T13:51:13","guid":{"rendered":"https:\/\/www.europesays.com\/pt\/118862\/"},"modified":"2025-10-20T13:51:13","modified_gmt":"2025-10-20T13:51:13","slug":"rosa-morre-em-dona-de-mim-saiba-o-que-acontece-com-ela","status":"publish","type":"post","link":"https:\/\/www.europesays.com\/pt\/118862\/","title":{"rendered":"Rosa morre em Dona de Mim? Saiba o que acontece com ela"},"content":{"rendered":"<p>A iminente morte de <a href=\"https:\/\/natelinha.uol.com.br\/novelas\/dona-de-mim\/personagem\/rosa\" rel=\"nofollow noopener\" target=\"_blank\">Rosa<\/a> (Suely Franco) \u00e9 um assunto frequente em <a href=\"https:\/\/natelinha.uol.com.br\/novelas\/dona-de-mim\" rel=\"nofollow noopener\" target=\"_blank\">Dona de Mim<\/a>. Entretanto, ao que tudo indica, a personagem n\u00e3o vai morrer na novela, pelo menos por enquanto. Se acontecer, dever\u00e1 ser na reta final da trama, que s\u00f3 chega ao fim em janeiro na faixa das 19h da Globo.<\/p>\n<p>continua depois da publicidade<\/p>\n<p>A matriarca dos Boaz sofre com o Mal de Alzheimer. Ela se mostra cada vez mais confusa, chegando a esquecer quem s\u00e3o os parentes. A condi\u00e7\u00e3o \u00e9 progressiva e n\u00e3o tem cura, apenas tratamentos para amenizar os sintomas e retardar o avan\u00e7o da doen\u00e7a.<\/p>\n<p>+\u00a0<a href=\"https:\/\/natelinha.uol.com.br\/colunas\/quarta-parede\/2025\/10\/19\/vale-tudo-deu-prejuizo-incalculavel-a-globo-que-nenhum-merchan-pode-impedir-232825.php\" rel=\"nofollow noopener\" target=\"_blank\">Vale Tudo deu preju\u00edzo incalcul\u00e1vel \u00e0 Globo, que nenhum merchan p\u00f4de impedir<\/a><\/p>\n<p>Rosa seguir\u00e1 tendo um papel importante na hist\u00f3ria. Depois de nomear o neto <a href=\"https:\/\/natelinha.uol.com.br\/novelas\/dona-de-mim\/personagem\/samuel\" rel=\"nofollow noopener\" target=\"_blank\">Samuel<\/a> (Juan Paiva) como curador, frustrando os planos do filho <a href=\"https:\/\/natelinha.uol.com.br\/novelas\/dona-de-mim\/personagem\/jaques\" rel=\"nofollow noopener\" target=\"_blank\">Jaques<\/a> (Marcello Novaes) de assumir o controle dos neg\u00f3cios da fam\u00edlia, a veterana continuar\u00e1 sendo um empecilho para as arma\u00e7\u00f5es do vil\u00e3o.<\/p>\n<p>continua depois da publicidade<\/p>\n<p><img decoding=\"async\" loading=\"lazy\" class=\"horizontal\" src=\"https:\/\/www.europesays.com\/pt\/wp-content\/uploads\/2025\/10\/globo-dona-de-mim-rosa-e-abel-despedida_49.jpeg\" alt=\"imagem-texto\"\/><\/p>\n<p>Um fator importante que pode adiar a morte de Rosa em Dona de Mim \u00e9 o sucesso da personagem interpretada por <a href=\"https:\/\/natelinha.uol.com.br\/famosos\/tudo-sobre\/suely-franco\" rel=\"nofollow noopener\" target=\"_blank\">Suely Franco<\/a>. Em pesquisa recente realizada pela Globo, foi revelado que ela \u00e9 a figura mais querida pelos telespectadores, \u00e0 frente de todo o elenco.<\/p>\n<p>Por outro lado, <a href=\"https:\/\/natelinha.uol.com.br\/novelas\/dona-de-mim\/personagem\/abel\" rel=\"nofollow noopener\" target=\"_blank\">Abel<\/a> (Tony Ramos) tamb\u00e9m era um personagem bem avaliado, mas n\u00e3o foi poupado da morte, j\u00e1 prevista na sinopse original da novela.<\/p>\n<p>Dona de Mim ainda tem tr\u00eas meses pela frente. A novela das sete s\u00f3 termina em janeiro de 2026, com quase 220 cap\u00edtulos, <a href=\"https:\/\/natelinha.uol.com.br\/novelas\/2025\/07\/31\/dona-de-mim-sera-novela-mais-longa-das-19h-em-16-anos-saiba-quando-acaba-229255.php\" rel=\"nofollow noopener\" target=\"_blank\">tornando-se a mais longa do hor\u00e1rio em 16 anos<\/a>, superada apenas por Caras e Bocas, que foi ao ar entre 2009 e 2010, com um total de 233 epis\u00f3dios.<\/p>\n<p>continua depois da publicidade<\/p>\n<p>+ <a href=\"https:\/\/natelinha.uol.com.br\/novelas\/2025\/10\/20\/vila-elenco-autor-como-tres-gracas-tentara-manter-a-audiencia-de-vale-tudo-232830.php\" rel=\"nofollow noopener\" target=\"_blank\">Vil\u00e3, elenco, autor: Como Tr\u00eas Gra\u00e7as tentar\u00e1 manter a audi\u00eancia de Vale Tudo<\/a><\/p>\n<p><a href=\"https:\/\/natelinha.uol.com.br\/novelas\/dona-de-mim\" rel=\"nofollow noopener\" target=\"_blank\">Dona de Mim<\/a> \u00e9 criada e escrita por Rosane Svartman e tem dire\u00e7\u00e3o art\u00edstica de Allan Fiterman. A novela vai ao ar na Globo na faixa das 19h.<\/p>\n<p>O <strong>NaTelinha<\/strong> divulga todos os dias os resumos dos cap\u00edtulos, detalhes dos personagens, entrevistas exclusivas com o elenco e spoilers de Dona de Mim. <a href=\"https:\/\/natelinha.uol.com.br\/novelas\" rel=\"nofollow noopener\" target=\"_blank\">Confira!<\/a><\/p>\n","protected":false},"excerpt":{"rendered":"A iminente morte de Rosa (Suely Franco) \u00e9 um assunto frequente em Dona de Mim. Entretanto, ao que&hellip;\n","protected":false},"author":2,"featured_media":118863,"comment_status":"","ping_status":"","sticky":false,"template":"","format":"standard","meta":{"footnotes":""},"categories":[142],"tags":[1718,114,115,753,32,33,4905,27668,151],"class_list":{"0":"post-118862","1":"post","2":"type-post","3":"status-publish","4":"format-standard","5":"has-post-thumbnail","7":"category-tv","8":"tag-dona-de-mim","9":"tag-entertainment","10":"tag-entretenimento","11":"tag-globo","12":"tag-portugal","13":"tag-pt","14":"tag-rosa-dona-de-mim","15":"tag-suely-franco","16":"tag-tv"},"share_on_mastodon":{"url":"https:\/\/pubeurope.com\/@pt\/115406824110688616","error":""},"_links":{"self":[{"href":"https:\/\/www.europesays.com\/pt\/wp-json\/wp\/v2\/posts\/118862","targetHints":{"allow":["GET"]}}],"collection":[{"href":"https:\/\/www.europesays.com\/pt\/wp-json\/wp\/v2\/posts"}],"about":[{"href":"https:\/\/www.europesays.com\/pt\/wp-json\/wp\/v2\/types\/post"}],"author":[{"embeddable":true,"href":"https:\/\/www.europesays.com\/pt\/wp-json\/wp\/v2\/users\/2"}],"replies":[{"embeddable":true,"href":"https:\/\/www.europesays.com\/pt\/wp-json\/wp\/v2\/comments?post=118862"}],"version-history":[{"count":0,"href":"https:\/\/www.europesays.com\/pt\/wp-json\/wp\/v2\/posts\/118862\/revisions"}],"wp:featuredmedia":[{"embeddable":true,"href":"https:\/\/www.europesays.com\/pt\/wp-json\/wp\/v2\/media\/118863"}],"wp:attachment":[{"href":"https:\/\/www.europesays.com\/pt\/wp-json\/wp\/v2\/media?parent=118862"}],"wp:term":[{"taxonomy":"category","embeddable":true,"href":"https:\/\/www.europesays.com\/pt\/wp-json\/wp\/v2\/categories?post=118862"},{"taxonomy":"post_tag","embeddable":true,"href":"https:\/\/www.europesays.com\/pt\/wp-json\/wp\/v2\/tags?post=118862"}],"curies":[{"name":"wp","href":"https:\/\/api.w.org\/{rel}","templated":true}]}}