{"id":118868,"date":"2025-10-20T13:55:07","date_gmt":"2025-10-20T13:55:07","guid":{"rendered":"https:\/\/www.europesays.com\/pt\/118868\/"},"modified":"2025-10-20T13:55:07","modified_gmt":"2025-10-20T13:55:07","slug":"sc-registra-menor-numero-de-casos-de-meningite-desde-2023-nos-primeiros-nove-meses-de-2025","status":"publish","type":"post","link":"https:\/\/www.europesays.com\/pt\/118868\/","title":{"rendered":"SC registra menor n\u00famero de casos de meningite desde 2023 nos primeiros nove meses de 2025"},"content":{"rendered":"<p>Santa Catarina teve 497 casos registrados de meningite nos primeiros nove meses de 2025, menor n\u00famero registrado desde 2023 no Estado, quando foram 656 ocorr\u00eancias de janeiro a setembro. Ainda, se comparado com 2024, a redu\u00e7\u00e3o foi de 9,8%, j\u00e1 que no per\u00edodo foram registrados 551 casos, conforme dados da Diretoria de Vigil\u00e2ncia Epidemiol\u00f3gica (DIVE\/SC).<\/p>\n<p>Continua depois da publicidade<\/p>\n<p>O n\u00fameros mostram uma tend\u00eancia de queda no n\u00famero de casos ano ap\u00f3s ano, mas uma estabilidade no que diz respeito aos \u00f3bitos. Ao todo, foram 47 mortes tanto em 2025 quanto em 2024, em rela\u00e7\u00e3o aos nove primeiros meses do ano. J\u00e1 em 2023, foram 48 \u00f3bitos registrados.<\/p>\n<p>Tipos de meningite e letalidade<\/p>\n<p>Conforme explica o m\u00e9dico infectologista da DIVE, Fabio Gaudenzi, as meningites s\u00e3o processos inflamat\u00f3rios que acometem nas meninges, membranas que envolvem o c\u00e9rebro e a medula espinhal. Elas podem ser causadas por v\u00edrus, bact\u00e9rias, fungos ou outros agentes infecciosos, e tamb\u00e9m por causas n\u00e3o infecciosas, como rea\u00e7\u00f5es a medicamentos ou doen\u00e7as autoimunes.<\/p>\n<p>\u2014 Entre as formas infecciosas, destacam-se a meningite viral e a meningite bacteriana, sendo esta \u00faltima a mais grave e de maior potencial de gerar surtos e sequelas neurol\u00f3gicas \u2014 disse.<\/p>\n<p>No per\u00edodo descrito em 2025, a taxa de letalidade total foi de 9,5%. A maioria dos casos foram de meningite viral, com 220 ocorr\u00eancias e 1 morte, seguido pelos casos de meningite bacteriana (85 casos e 11 mortes), meningite por pneumococo (66 casos e 17 \u00f3bitos). Na sequ\u00eancia, meningite por outras etiologias (37 casos e 4 mortes), e doen\u00e7a meningoc\u00f3cica (31 casos e 5 mortes).<\/p>\n<p>Continua depois da publicidade<\/p>\n<p>Em termos de incid\u00eancia a cada 100 mil habitantes, crian\u00e7as de 0 a 4 anos foram as mais afetadas por meningite em Santa Catarina, com uma taxa de incid\u00eancia de 27,8% dos casos. Em seguida, crian\u00e7as de 5 a 9 anos representam uma taxa de incid\u00eancia de 6,5% para cada 100 mil habitantes. Entretanto, quase metade dos casos absolutos (48,5%) est\u00e3o concentrados em pessoas com 20 a 64 anos. J\u00e1 a faixa et\u00e1ria de 65 a 79 anos concentrou 10,1% dos casos e teve uma taxa de incid\u00eancia de 7,7% por 100 mil habitantes.<\/p>\n<p>Sintomas das meningites<\/p>\n<p>De acordo com a Infectologista Pediatra do Hospital Infantil Joana de Gusm\u00e3o e Presidente do Departamento Cient\u00edfico de Imuniza\u00e7\u00f5es da Sociedade Catarinense de Pediatria, S\u00f4nia Maria de Faria, os principais sintomas de meningite, em geral, variam com a idade da pessoa acometida. Ela explica que, nas crian\u00e7as maiores e adultos, \u00e9 comum a presen\u00e7a de dor de cabe\u00e7a, v\u00f4mitos e febre.<\/p>\n<p>\u2014 Quanto menor a crian\u00e7a mais inespec\u00edficos tendem a ser os sintomas, chamando aten\u00e7\u00e3o a febre alta, a hipoatividade, sonol\u00eancia ou irritabilidade e a recusa alimentar \u2014 aponta.<\/p>\n<p>Na doen\u00e7a causada pelo meningococo, segundo ela, a presen\u00e7a da bact\u00e9ria no sangue causa manchas hemorr\u00e1gicas na pele, que podem ser de colora\u00e7\u00e3o avermelhada\/vinhosa ou arroxeadas. Com esses sintomas, deve-se imediatamente buscar atendimento m\u00e9dico.<\/p>\n<p>Continua depois da publicidade<\/p>\n<p>\u2014 A doen\u00e7a meningoc\u00f3cica evolui muito r\u00e1pido, em quest\u00e3o de horas a pessoa acometida pode estar gravemente enferma \u2014 diz.<\/p>\n<p>Como a meningite \u00e9 transmitida<\/p>\n<p>Segundo o m\u00e9dico infectologista da DIVE, as meningites bacterianas s\u00e3o transmitidas por contato direto com secre\u00e7\u00f5es respirat\u00f3rias de pessoas infectadas ou portadoras assintom\u00e1ticas, por meio de tosse, espirro ou fala a curta dist\u00e2ncia. J\u00e1 as virais, geralmente associadas a enterov\u00edrus, s\u00e3o transmitidas principalmente pelo contato com fezes, alimentos ou \u00e1gua contaminados.<\/p>\n<p>\u2014 Meningites f\u00fangicas s\u00e3o mais raras e ocorrem sobretudo em indiv\u00edduos com imunossupress\u00e3o grave, n\u00e3o havendo transmiss\u00e3o pessoa a pessoa \u2014 explica Gaudezi.<\/p>\n<p>S\u00f4nia aponta que adolescentes e adultos jovens s\u00e3o os principais portadores assintom\u00e1ticos do meningococo. Para reduzir o risco de cont\u00e1gio, segundo ela, as pessoas devem evitar se aglomerar em ambientes fechados e devem ter o calend\u00e1rio de vacina\u00e7\u00e3o em dia.<\/p>\n<p>Continua depois da publicidade<\/p>\n<p>Medidas de preven\u00e7\u00e3o<\/p>\n<p>A preven\u00e7\u00e3o das meningites envolve higiene pessoal e respirat\u00f3ria, vacina\u00e7\u00e3o e controle de contatos pr\u00f3ximos nos casos bacterianos:<\/p>\n<ul class=\"wp-block-list\">\n<li>Higiene das m\u00e3os com \u00e1gua e sab\u00e3o ou \u00e1lcool 70%, especialmente antes das refei\u00e7\u00f5es e ap\u00f3s usar o banheiro.<\/li>\n<li>Cobrir nariz e boca ao tossir ou espirrar e evitar compartilhar objetos de uso pessoal (copos, talheres, escovas).<\/li>\n<li>Ambientes ventilados e limpos, com aten\u00e7\u00e3o especial a escolas, creches e alojamentos.<\/li>\n<li>Em casos suspeitos de meningite bacteriana, as autoridades de sa\u00fade realizam investiga\u00e7\u00e3o e, quando indicado, quimioprofilaxia em contatos pr\u00f3ximos.<\/li>\n<\/ul>\n<p>Vacina\u00e7\u00e3o<\/p>\n<p>O Sistema \u00danico de Sa\u00fade (SUS) disponibiliza, de forma gratuita, vacinas eficazes na preven\u00e7\u00e3o de diversos tipos de meningite bacteriana:<\/p>\n<ul class=\"wp-block-list\">\n<li>Vacina Pentavalente (DTP\/Hib\/HB): protege contra Haemophilus influenzae tipo b.<\/li>\n<li>Vacina Pneumoc\u00f3cica 10-valente (conjugada): protege contra Streptococcus pneumoniae.<\/li>\n<li>Vacina Meningoc\u00f3cica C (conjugada): protege contra Neisseria meningitidis sorogrupo C.<\/li>\n<li>Vacina Meningoc\u00f3cica ACWY (conjugada): prote\u00e7\u00e3o contra Neisseria meningitidis para os sorogrupos A, C, W e Y.<\/li>\n<\/ul>\n<p>Continua depois da publicidade<\/p>\n<p>Al\u00e9m dessas, a vacina BCG, aplicada no nascimento, previne as formas graves da tuberculose, incluindo a meningite tuberculosa. A ades\u00e3o ao calend\u00e1rio nacional de vacina\u00e7\u00e3o \u00e9 a medida mais eficaz e segura para reduzir a incid\u00eancia e a gravidade das meningites no pa\u00eds, segundo a DIVE.<\/p>\n<p>Leia tamb\u00e9m <\/p>\n<p><a href=\"https:\/\/www.nsctotal.com.br\/noticias\/superconcurso-da-saude-com-mais-de-500-vagas-tem-edital-lancado-em-sc\" target=\"_blank\" rel=\"noreferrer noopener nofollow\"><strong>Superconcurso da sa\u00fade com mais de 500 vagas tem edital lan\u00e7ado em SC<\/strong><\/a><\/p>\n<p><a href=\"https:\/\/www.nsctotal.com.br\/noticias\/sc-recebe-doses-de-antidoto-importado-para-casos-de-intoxicacao-por-metanol\" rel=\"nofollow noopener\" target=\"_blank\"><strong>SC recebe doses de ant\u00eddoto importado para casos de intoxica\u00e7\u00e3o por metanol<\/strong><\/a><a href=\"https:\/\/www.nsctotal.com.br\/noticias\/sc-recebe-doses-de-antidoto-importado-para-casos-de-intoxicacao-por-metanol\" target=\"_blank\" rel=\"noreferrer noopener nofollow\"><strong><br \/><\/strong><\/a><\/p>\n","protected":false},"excerpt":{"rendered":"Santa Catarina teve 497 casos registrados de meningite nos primeiros nove meses de 2025, menor n\u00famero registrado desde&hellip;\n","protected":false},"author":2,"featured_media":118869,"comment_status":"","ping_status":"","sticky":false,"template":"","format":"standard","meta":{"footnotes":""},"categories":[86],"tags":[829,116,32,33,117],"class_list":{"0":"post-118868","1":"post","2":"type-post","3":"status-publish","4":"format-standard","5":"has-post-thumbnail","7":"category-saude","8":"tag-conteudo-liberado","9":"tag-health","10":"tag-portugal","11":"tag-pt","12":"tag-saude"},"share_on_mastodon":{"url":"","error":""},"_links":{"self":[{"href":"https:\/\/www.europesays.com\/pt\/wp-json\/wp\/v2\/posts\/118868","targetHints":{"allow":["GET"]}}],"collection":[{"href":"https:\/\/www.europesays.com\/pt\/wp-json\/wp\/v2\/posts"}],"about":[{"href":"https:\/\/www.europesays.com\/pt\/wp-json\/wp\/v2\/types\/post"}],"author":[{"embeddable":true,"href":"https:\/\/www.europesays.com\/pt\/wp-json\/wp\/v2\/users\/2"}],"replies":[{"embeddable":true,"href":"https:\/\/www.europesays.com\/pt\/wp-json\/wp\/v2\/comments?post=118868"}],"version-history":[{"count":0,"href":"https:\/\/www.europesays.com\/pt\/wp-json\/wp\/v2\/posts\/118868\/revisions"}],"wp:featuredmedia":[{"embeddable":true,"href":"https:\/\/www.europesays.com\/pt\/wp-json\/wp\/v2\/media\/118869"}],"wp:attachment":[{"href":"https:\/\/www.europesays.com\/pt\/wp-json\/wp\/v2\/media?parent=118868"}],"wp:term":[{"taxonomy":"category","embeddable":true,"href":"https:\/\/www.europesays.com\/pt\/wp-json\/wp\/v2\/categories?post=118868"},{"taxonomy":"post_tag","embeddable":true,"href":"https:\/\/www.europesays.com\/pt\/wp-json\/wp\/v2\/tags?post=118868"}],"curies":[{"name":"wp","href":"https:\/\/api.w.org\/{rel}","templated":true}]}}