{"id":11887,"date":"2025-08-01T17:56:09","date_gmt":"2025-08-01T17:56:09","guid":{"rendered":"https:\/\/www.europesays.com\/pt\/11887\/"},"modified":"2025-08-01T17:56:09","modified_gmt":"2025-08-01T17:56:09","slug":"ministerio-da-saude-abre-consulta-sobre-inclusao","status":"publish","type":"post","link":"https:\/\/www.europesays.com\/pt\/11887\/","title":{"rendered":"Minist\u00e9rio da Sa\u00fade abre consulta sobre inclus\u00e3o \u2026"},"content":{"rendered":"<p>O Minist\u00e9rio da Sa\u00fade abriu, nesta quinta-feira (31), uma consulta p\u00fablica sobre a incorpora\u00e7\u00e3o da vacina meningo B no Sistema \u00danico de Sa\u00fade (SUS). O imunizante previne contra a infec\u00e7\u00e3o pela bact\u00e9ria meningococo do tipo B, que \u00e9 a mais prevalente entre as causadoras de doen\u00e7a meningococica. A vacina est\u00e1 dispon\u00edvel no sistema privado de sa\u00fade, j\u00e1 o SUS disponibiliza imunizantes contra outros quatro sorotipos: A, C, W e Y.<img decoding=\"async\" src=\"https:\/\/www.europesays.com\/pt\/wp-content\/uploads\/2025\/08\/1754070969_238_ebc.png\"\/><img decoding=\"async\" src=\"https:\/\/www.europesays.com\/pt\/wp-content\/uploads\/2025\/08\/1754070969_25_ebc.gif\"\/><\/p>\n<p>O meningococo \u00e9 transmitido pelo ar e a principal consequ\u00eancia grave \u00e9 a meningite meningoc\u00f3cica, inflama\u00e7\u00e3o das membranas que envolvem o c\u00e9rebro e a medula espinhal, que pode evoluir com muita rapidez e at\u00e9 levar ao \u00f3bito. Somente este ano, o Brasil registrou 2.357 casos de meningite do tipo bacteriana, com 454 mortes. Al\u00e9m da alta letalidade, entre 10% e 20% dos sobreviventes desenvolvem sequelas, como surdez, amputa\u00e7\u00e3o de membros ou comprometimentos neurol\u00f3gicos.<\/p>\n<p>A maior parte dos registros submetidos ao Minist\u00e9rio da Sa\u00fade n\u00e3o informam a sorologia da bact\u00e9ria causadora, mas pelo menos 138 casos foram causados por meningococo do tipo B, com 21 mortes. Por isso, a vacina\u00e7\u00e3o com a meningo B \u00e9 recomendada por sociedades m\u00e9dicas, apesar de n\u00e3o fazer parte do calend\u00e1rio b\u00e1sico infantil do SUS. O imunizante deve ser aplicado em tr\u00eas doses, aos 3, 5 e 12 meses de idade.<\/p>\n<p>A proposta de incorpora\u00e7\u00e3o foi apresentada pela farmac\u00eautica GSK, produtora do imunizante \u00e0 Comiss\u00e3o Nacional de Incorpora\u00e7\u00e3o de Tecnologias no Sistema \u00danico de Sa\u00fade &#8211; Conitec, \u00f3rg\u00e3o respons\u00e1vel por avaliar todas as propostas de inclus\u00e3o no sistema.<\/p>\n<p>De acordo com o dossi\u00ea apresentado, o custo de inclus\u00e3o do imunizante \u00e9 de aproximadamente R$ 6,1 bilh\u00f5es ao longo de cinco anos, mas a farmac\u00eautica argumenta que a vacina\u00e7\u00e3o reduziria gastos com a interna\u00e7\u00e3o e o tratamento dos doentes.<\/p>\n<p>A consulta p\u00fablica ficar\u00e1 dispon\u00edvel por 20 dias no site da comiss\u00e3o. Em seguida, as contribui\u00e7\u00f5es ser\u00e3o analisadas pelos membro da Conitec e para a elabora\u00e7\u00e3o do relat\u00f3rio que vai recomendar a inclus\u00e3o ou a n\u00e3o-inclus\u00e3o da vacina.<\/p>\n","protected":false},"excerpt":{"rendered":"O Minist\u00e9rio da Sa\u00fade abriu, nesta quinta-feira (31), uma consulta p\u00fablica sobre a incorpora\u00e7\u00e3o da vacina meningo B&hellip;\n","protected":false},"author":2,"featured_media":11888,"comment_status":"","ping_status":"","sticky":false,"template":"","format":"standard","meta":{"footnotes":""},"categories":[86],"tags":[116,1856,4993,4994,1133,32,33,117,4483,1333],"class_list":{"0":"post-11887","1":"post","2":"type-post","3":"status-publish","4":"format-standard","5":"has-post-thumbnail","7":"category-saude","8":"tag-health","9":"tag-informacao","10":"tag-meningite","11":"tag-meningo-b","12":"tag-noticia","13":"tag-portugal","14":"tag-pt","15":"tag-saude","16":"tag-sus","17":"tag-vacina"},"share_on_mastodon":{"url":"","error":""},"_links":{"self":[{"href":"https:\/\/www.europesays.com\/pt\/wp-json\/wp\/v2\/posts\/11887","targetHints":{"allow":["GET"]}}],"collection":[{"href":"https:\/\/www.europesays.com\/pt\/wp-json\/wp\/v2\/posts"}],"about":[{"href":"https:\/\/www.europesays.com\/pt\/wp-json\/wp\/v2\/types\/post"}],"author":[{"embeddable":true,"href":"https:\/\/www.europesays.com\/pt\/wp-json\/wp\/v2\/users\/2"}],"replies":[{"embeddable":true,"href":"https:\/\/www.europesays.com\/pt\/wp-json\/wp\/v2\/comments?post=11887"}],"version-history":[{"count":0,"href":"https:\/\/www.europesays.com\/pt\/wp-json\/wp\/v2\/posts\/11887\/revisions"}],"wp:featuredmedia":[{"embeddable":true,"href":"https:\/\/www.europesays.com\/pt\/wp-json\/wp\/v2\/media\/11888"}],"wp:attachment":[{"href":"https:\/\/www.europesays.com\/pt\/wp-json\/wp\/v2\/media?parent=11887"}],"wp:term":[{"taxonomy":"category","embeddable":true,"href":"https:\/\/www.europesays.com\/pt\/wp-json\/wp\/v2\/categories?post=11887"},{"taxonomy":"post_tag","embeddable":true,"href":"https:\/\/www.europesays.com\/pt\/wp-json\/wp\/v2\/tags?post=11887"}],"curies":[{"name":"wp","href":"https:\/\/api.w.org\/{rel}","templated":true}]}}