{"id":118873,"date":"2025-10-20T14:00:13","date_gmt":"2025-10-20T14:00:13","guid":{"rendered":"https:\/\/www.europesays.com\/pt\/118873\/"},"modified":"2025-10-20T14:00:13","modified_gmt":"2025-10-20T14:00:13","slug":"pessoa-que-abandonou-recem-nascido-em-leiria-identificada-localizada-e-constituida-arguida","status":"publish","type":"post","link":"https:\/\/www.europesays.com\/pt\/118873\/","title":{"rendered":"Pessoa que abandonou rec\u00e9m-nascido em Leiria identificada, localizada e constitu\u00edda arguida"},"content":{"rendered":"<p class=\"category\"><a href=\"https:\/\/sicnoticias.pt\/pais\" rel=\"nofollow noopener\" target=\"_blank\">Pa\u00eds<\/a><\/p>\n<p class=\"g-article-lead lead\" data-field=\"lead\">O beb\u00e9 foi levado para o Hospital de Leiria para ser avaliado e o caso foi entregue \u00e0s autoridades. Trata-se de um menino com cerca de tr\u00eas quilos e meio, que aparenta ter mais de 24 horas de vida.<\/p>\n<p><img decoding=\"async\" src=\"https:\/\/www.europesays.com\/pt\/wp-content\/uploads\/2025\/10\/1760968810_340_original.webp\" alt=\"Pessoa que abandonou rec\u00e9m-nascido em Leiria identificada, localizada e constitu\u00edda arguida\"\/><\/p>\n<p><strong>A mulher que<\/strong><a href=\"https:\/\/sicnoticias.pt\/pais\/2025-10-20-video-recem-nascido-abandonado-dentro-de-saco-de-compras-a-porta-dos-bombeiros-sapadores-de-leiria-4d33ec34\" target=\"_blank\" rel=\"noopener noreferrer nofollow\"><strong> abandonou, na madrugada desta segunda-feira, um rec\u00e9m-nascido<\/strong><\/a><strong> junto aos Bombeiros Sapadores de Leiria foi j\u00e1 identificada, localizada e constitu\u00edda arguida.<\/strong><\/p>\n<p>A informa\u00e7\u00e3o foi confirmada \u00e0 SIC por fonte da Pol\u00edcia de Seguran\u00e7a P\u00fablica (PSP).<\/p>\n<blockquote>\n<p>&#8220;A mulher, de 27 anos, foi identificada, constitu\u00edda arguida e est\u00e1 a ser ouvida neste momento nas instala\u00e7\u00f5es do Comando Distrital de Leiria da PSP&#8221;, afirmou, pelas 14:00, fonte da PSP.<\/p>\n<\/blockquote>\n<p>  Encontrado dentro de saco de compras     <\/p>\n<p>O caso ocorreu pelas 03:57, quando o beb\u00e9 foi encontrado na entrada do edif\u00edcio dos bombeiros, dentro de um saco t\u00e9rmico de compras. O rec\u00e9m-nascido foi depois levado para o Hospital de Santo Andr\u00e9, em Leiria, para ser avaliado e encontra-se bem.<\/p>\n<p>  <img decoding=\"async\" src=\"https:\/\/www.europesays.com\/pt\/wp-content\/uploads\/2025\/10\/1760968812_408_mw-960.webp\" alt=\"\"\/><\/p>\n<p>Loading&#8230;<\/p>\n<p>Trata-se de um menino com cerca de tr\u00eas quilos e meio, que aparenta ter mais de 24 horas de vida, pelo aspeto do cord\u00e3o umbilical, segundo confirmou Jo\u00e3o Agro, diretor do Servi\u00e7o de Pediatria do Hospital de Leiria.<\/p>\n<p><img decoding=\"async\" src=\"https:\/\/www.europesays.com\/pt\/wp-content\/uploads\/2025\/10\/1760968813_523_mw-960.webp\" alt=\"\"\/><\/p>\n<p>Loading&#8230;<\/p>\n<p>Segundo o <a href=\"https:\/\/www.jn.pt\/pais\/artigo\/recem-nascido-abandonado-a-porta-dos-bombeiros-sapadores-de-leiria\/18010560\" target=\"_blank\" rel=\"noopener noreferrer nofollow\">Jornal de Not\u00edcias<\/a>, o beb\u00e9 estava vestido e envolto numa manta No interior do saco estavam tamb\u00e9m um biber\u00e3o e leite.<\/p>\n<p>O comandante dos Bombeiros Sapadores de Leiria, Jos\u00e9 Rito, revelou que o beb\u00e9 foi deixado por uma mulher \u00e0 entrada do quartel, junto \u00e0 central de comunica\u00e7\u00f5es.<\/p>\n<p>Fonte oficial do Comando Distrital de Leiria esclareceu que a PSP foi informada da situa\u00e7\u00e3o pelas 05:30 atrav\u00e9s dos bombeiros e que em causa estar\u00e1 um alegado crime de exposi\u00e7\u00e3o ou abandono.<\/p>\n<p>Segundo a Unidade Local de Sa\u00fade da Regi\u00e3o de Leiria, que integra o Hospital de Santo Andr\u00e9, &#8220;a crian\u00e7a vai ficar em observa\u00e7\u00e3o no servi\u00e7o de Pediatria, para acompanhamento cl\u00ednico&#8221;, cabendo \u00e0s &#8220;autoridades competentes fazerem o seu trabalho de investiga\u00e7\u00e3o&#8221;.<\/p>\n","protected":false},"excerpt":{"rendered":"Pa\u00eds O beb\u00e9 foi levado para o Hospital de Leiria para ser avaliado e o caso foi entregue&hellip;\n","protected":false},"author":2,"featured_media":118874,"comment_status":"","ping_status":"","sticky":false,"template":"","format":"standard","meta":{"footnotes":""},"categories":[10],"tags":[27,28,15,16,14,25,26,21,22,12,13,19,20,32,23,24,33,17,18,29,30,31],"class_list":{"0":"post-118873","1":"post","2":"type-post","3":"status-publish","4":"format-standard","5":"has-post-thumbnail","7":"category-portugal","8":"tag-breaking-news","9":"tag-breakingnews","10":"tag-featured-news","11":"tag-featurednews","12":"tag-headlines","13":"tag-latest-news","14":"tag-latestnews","15":"tag-main-news","16":"tag-mainnews","17":"tag-news","18":"tag-noticias","19":"tag-noticias-principais","20":"tag-noticiasprincipais","21":"tag-portugal","22":"tag-principais-noticias","23":"tag-principaisnoticias","24":"tag-pt","25":"tag-top-stories","26":"tag-topstories","27":"tag-ultimas","28":"tag-ultimas-noticias","29":"tag-ultimasnoticias"},"share_on_mastodon":{"url":"https:\/\/pubeurope.com\/@pt\/115406859545436409","error":""},"_links":{"self":[{"href":"https:\/\/www.europesays.com\/pt\/wp-json\/wp\/v2\/posts\/118873","targetHints":{"allow":["GET"]}}],"collection":[{"href":"https:\/\/www.europesays.com\/pt\/wp-json\/wp\/v2\/posts"}],"about":[{"href":"https:\/\/www.europesays.com\/pt\/wp-json\/wp\/v2\/types\/post"}],"author":[{"embeddable":true,"href":"https:\/\/www.europesays.com\/pt\/wp-json\/wp\/v2\/users\/2"}],"replies":[{"embeddable":true,"href":"https:\/\/www.europesays.com\/pt\/wp-json\/wp\/v2\/comments?post=118873"}],"version-history":[{"count":0,"href":"https:\/\/www.europesays.com\/pt\/wp-json\/wp\/v2\/posts\/118873\/revisions"}],"wp:featuredmedia":[{"embeddable":true,"href":"https:\/\/www.europesays.com\/pt\/wp-json\/wp\/v2\/media\/118874"}],"wp:attachment":[{"href":"https:\/\/www.europesays.com\/pt\/wp-json\/wp\/v2\/media?parent=118873"}],"wp:term":[{"taxonomy":"category","embeddable":true,"href":"https:\/\/www.europesays.com\/pt\/wp-json\/wp\/v2\/categories?post=118873"},{"taxonomy":"post_tag","embeddable":true,"href":"https:\/\/www.europesays.com\/pt\/wp-json\/wp\/v2\/tags?post=118873"}],"curies":[{"name":"wp","href":"https:\/\/api.w.org\/{rel}","templated":true}]}}