{"id":118879,"date":"2025-10-20T14:08:24","date_gmt":"2025-10-20T14:08:24","guid":{"rendered":"https:\/\/www.europesays.com\/pt\/118879\/"},"modified":"2025-10-20T14:08:24","modified_gmt":"2025-10-20T14:08:24","slug":"sporting-benfica-e-fc-porto-ja-sabem-quem-defrontam-observador","status":"publish","type":"post","link":"https:\/\/www.europesays.com\/pt\/118879\/","title":{"rendered":"Sporting, Benfica e FC Porto j\u00e1 sabem quem defrontam \u2013 Observador"},"content":{"rendered":"<p>Moreirense e Rio Ave despediram-se neste domingo da Ta\u00e7a de Portugal de futebol, subindo para <strong>cinco os emblemas do primeiro escal\u00e3o eliminados<\/strong>, enquanto as restantes equipas da I Liga sobreviveram \u00e0 terceira ronda. A terceira eliminat\u00f3ria obriga todas as equipas da I Liga a atuarem fora de casa e contra emblemas das divis\u00f5es inferiores, regra que, em 2025\/26, resultou em cinco elimina\u00e7\u00f5es precoces, com <strong>Moreirense e Rio Ave a juntarem-se hoje a Estrela da Amadora, Alverca e Gil Vicente<\/strong>, que viveram essa sensa\u00e7\u00e3o no s\u00e1bado.<\/p>\n<p>O Moreirense acabou derrotado no campo do <strong>Fafe<\/strong>, quinto classificado da S\u00e9rie A da Liga 3, por 1-0, devido a um livre direto de Jo\u00e3o Batista, aos 67 minutos.<\/p>\n<p>J\u00e1 o Rio Ave caiu no terreno do <strong>Sintrense<\/strong>, por 3-2, com a equipa do quarto escal\u00e3o (Campeonato de Portugal) a ter o jogo da temporada em novembro, <strong>quando visitar o FC Porto na quarta eliminat\u00f3ria.<\/strong> Henrique Henriques, aos 39 minutos, e Valdu T\u00e9, aos 57 e 60, apontaram os golos do s\u00e9timo colocado da S\u00e9rie D, depois de Marc Gual inaugurar o marcador para o Rio Ave, aos 20, e Karem Zoabi reduzir a diferen\u00e7a, aos 81.<\/p>\n<p>As restantes equipas da I Liga em a\u00e7\u00e3o este domingo seguiram em frente, com mais ou menos facilidade, como aconteceu com Vit\u00f3ria de Guimar\u00e3es e Estoril Praia.<\/p>\n<p>Na casa do Uni\u00e3o de Lamas, do Campeonato de Portugal, com muita chuva \u00e0 mistura, o Guimar\u00e3es venceu por 1-0 com um golo do defesa central espanhol \u00d3scar Rivas, aos 51 minutos.<\/p>\n<p>J\u00e1 o Estoril precisou dos descontos para ultrapassar o Belenenses, da Liga 3, por 2-1, com Andr\u00e9 Lacximicant a marcar o golo decisivo aos 90+4 minutos. Antes, Pizzi, na cobran\u00e7a de uma grande penalidade, aos 27 minutos, deu vantagem aos \u2018canarinhos\u2019, mas o hist\u00f3rico conjunto do Restelo ainda igualou aos 50, por Eduardo Souza.<\/p>\n<p>Bem menos dificuldades teve o Casa Pia, que foi ao campo do An\u00e7\u00e3, da Divis\u00e3o de Elite da Associa\u00e7\u00e3o de Futebol de Coimbra, vencer por 3-0, com golos do espanhol Larrazabal, aos 10 e 45 minutos, com Tiago Morais a fechar a contagem, aos 90+5.<\/p>\n<p>Em Vila Real, o Tondela goleou por 5-1, com tentos de Yefrei Rodriguez (dois minutos), Jo\u00e3o Afonso (45+1), Yarlen (55), Jordan Siebatcheu (56) e Yaya Sithole (84). Chiquinho, de grande penalidade, aos 30, fez o golo do emblema do Campeonato de Portugal.<\/p>\n<p>Destaque ainda para o <strong>Atl\u00e9tico, da Liga 3, que surpreendeu em casa o Felgueiras, da II Liga, e marcou encontro com o Benfica<\/strong>, na Tapadinha, na quarta ronda, num regresso ao passado do futebol lisboeta.<\/p>\n<p>O <strong>Marinhense (da Marinha Grande), do Campeonato do Portugal, tamb\u00e9m assegurou viagem a Alvalade na pr\u00f3xima eliminat\u00f3ria<\/strong>, para defrontar o <strong>Sporting<\/strong>, depois de vencer no campo do Anadia, do mesmo escal\u00e3o, por 7-6 nas grandes penalidades, depois do nulo verificado.<\/p>\n<p>A quarta eliminat\u00f3ria da Ta\u00e7a de Portugal est\u00e1 agendada para 23 de novembro.<\/p>\n","protected":false},"excerpt":{"rendered":"Moreirense e Rio Ave despediram-se neste domingo da Ta\u00e7a de Portugal de futebol, subindo para cinco os emblemas&hellip;\n","protected":false},"author":2,"featured_media":118880,"comment_status":"","ping_status":"","sticky":false,"template":"","format":"standard","meta":{"footnotes":""},"categories":[87],"tags":[135,524,32,33,134,21846],"class_list":{"0":"post-118879","1":"post","2":"type-post","3":"status-publish","4":"format-standard","5":"has-post-thumbnail","7":"category-desporto","8":"tag-desporto","9":"tag-futebol","10":"tag-portugal","11":"tag-pt","12":"tag-sports","13":"tag-tau00e7a-de-portugal"},"share_on_mastodon":{"url":"https:\/\/pubeurope.com\/@pt\/115406890967116377","error":""},"_links":{"self":[{"href":"https:\/\/www.europesays.com\/pt\/wp-json\/wp\/v2\/posts\/118879","targetHints":{"allow":["GET"]}}],"collection":[{"href":"https:\/\/www.europesays.com\/pt\/wp-json\/wp\/v2\/posts"}],"about":[{"href":"https:\/\/www.europesays.com\/pt\/wp-json\/wp\/v2\/types\/post"}],"author":[{"embeddable":true,"href":"https:\/\/www.europesays.com\/pt\/wp-json\/wp\/v2\/users\/2"}],"replies":[{"embeddable":true,"href":"https:\/\/www.europesays.com\/pt\/wp-json\/wp\/v2\/comments?post=118879"}],"version-history":[{"count":0,"href":"https:\/\/www.europesays.com\/pt\/wp-json\/wp\/v2\/posts\/118879\/revisions"}],"wp:featuredmedia":[{"embeddable":true,"href":"https:\/\/www.europesays.com\/pt\/wp-json\/wp\/v2\/media\/118880"}],"wp:attachment":[{"href":"https:\/\/www.europesays.com\/pt\/wp-json\/wp\/v2\/media?parent=118879"}],"wp:term":[{"taxonomy":"category","embeddable":true,"href":"https:\/\/www.europesays.com\/pt\/wp-json\/wp\/v2\/categories?post=118879"},{"taxonomy":"post_tag","embeddable":true,"href":"https:\/\/www.europesays.com\/pt\/wp-json\/wp\/v2\/tags?post=118879"}],"curies":[{"name":"wp","href":"https:\/\/api.w.org\/{rel}","templated":true}]}}