{"id":118887,"date":"2025-10-20T14:14:10","date_gmt":"2025-10-20T14:14:10","guid":{"rendered":"https:\/\/www.europesays.com\/pt\/118887\/"},"modified":"2025-10-20T14:14:10","modified_gmt":"2025-10-20T14:14:10","slug":"autarquicas-cdu-recorre-de-resultado-em-lisboa-para-o-constitucional","status":"publish","type":"post","link":"https:\/\/www.europesays.com\/pt\/118887\/","title":{"rendered":"Aut\u00e1rquicas. CDU recorre de resultado em Lisboa para o Constitucional"},"content":{"rendered":"<p>&#13;<br \/>\nA CDU pretende <b>contestar alegadas diverg\u00eancias nos resultados<\/b> entre a ata e o edital numa mesa de voto.\u00a0&#13;\n<\/p>\n<p>&#13;<br \/>\nOutra raz\u00e3o apontada pela CDU \u00e9 o &#8220;conjunto de votos nulos&#8221; em que &#8220;o sentido de voto est\u00e1 &#13;<br \/>\nexpresso na CDU&#8221;, segundo aprecia\u00e7\u00e3o da coliga\u00e7\u00e3o, que protesta ainda &#13;<br \/>\nface a &#8220;uma diverg\u00eancia de crit\u00e9rios, porque alguns votos nulos de &#13;<br \/>\noutras for\u00e7as pol\u00edticas foram considerados v\u00e1lidos pelo apuramento &#13;<br \/>\ngeral&#8221;.&#13;\n<\/p>\n<p><\/p>\n<p>As explica\u00e7\u00f5es pela voz de Sofia Lisboa, da CDU, que sublinha que este\u00a0&#8220;\u00e9 um processo normal&#8221;. No entanto, admite que &#8220;desta vez \u00e9 diferente&#8221;, porque a diferen\u00e7a de votos \u00e9 &#8220;muito curta&#8221; e, portanto, tem a &#8220;particularidade de decidir, (de) poucos votos decidirem&#8221; a elei\u00e7\u00e3o de um vereador.<br \/>\n          <img decoding=\"async\" itemprop=\"image\" class=\"img-fluid\"   src=\"https:\/\/www.europesays.com\/pt\/wp-content\/uploads\/2025\/10\/49534e671b3ca2268a08eca6d1286d51\"\/><\/p>\n<p>No \u00faltimo fim de semana, o secret\u00e1rio-geral do PCP <b>n\u00e3o deu como fechado<\/b> o apuramento de votos.<\/p>\n<p>&#13;<br \/>\nc\/ Lusa&#13;<\/p>\n","protected":false},"excerpt":{"rendered":"&#13; A CDU pretende contestar alegadas diverg\u00eancias nos resultados entre a ata e o edital numa mesa de&hellip;\n","protected":false},"author":2,"featured_media":118888,"comment_status":"","ping_status":"","sticky":false,"template":"","format":"standard","meta":{"footnotes":""},"categories":[10],"tags":[27,28,15,16,14,25,26,21,22,12,13,19,20,32,23,24,33,420,421,17,18,29,30,31],"class_list":{"0":"post-118887","1":"post","2":"type-post","3":"status-publish","4":"format-standard","5":"has-post-thumbnail","7":"category-portugal","8":"tag-breaking-news","9":"tag-breakingnews","10":"tag-featured-news","11":"tag-featurednews","12":"tag-headlines","13":"tag-latest-news","14":"tag-latestnews","15":"tag-main-news","16":"tag-mainnews","17":"tag-news","18":"tag-noticias","19":"tag-noticias-principais","20":"tag-noticiasprincipais","21":"tag-portugal","22":"tag-principais-noticias","23":"tag-principaisnoticias","24":"tag-pt","25":"tag-rtp","26":"tag-rtp-noticias","27":"tag-top-stories","28":"tag-topstories","29":"tag-ultimas","30":"tag-ultimas-noticias","31":"tag-ultimasnoticias"},"share_on_mastodon":{"url":"https:\/\/pubeurope.com\/@pt\/115406914522171327","error":""},"_links":{"self":[{"href":"https:\/\/www.europesays.com\/pt\/wp-json\/wp\/v2\/posts\/118887","targetHints":{"allow":["GET"]}}],"collection":[{"href":"https:\/\/www.europesays.com\/pt\/wp-json\/wp\/v2\/posts"}],"about":[{"href":"https:\/\/www.europesays.com\/pt\/wp-json\/wp\/v2\/types\/post"}],"author":[{"embeddable":true,"href":"https:\/\/www.europesays.com\/pt\/wp-json\/wp\/v2\/users\/2"}],"replies":[{"embeddable":true,"href":"https:\/\/www.europesays.com\/pt\/wp-json\/wp\/v2\/comments?post=118887"}],"version-history":[{"count":0,"href":"https:\/\/www.europesays.com\/pt\/wp-json\/wp\/v2\/posts\/118887\/revisions"}],"wp:featuredmedia":[{"embeddable":true,"href":"https:\/\/www.europesays.com\/pt\/wp-json\/wp\/v2\/media\/118888"}],"wp:attachment":[{"href":"https:\/\/www.europesays.com\/pt\/wp-json\/wp\/v2\/media?parent=118887"}],"wp:term":[{"taxonomy":"category","embeddable":true,"href":"https:\/\/www.europesays.com\/pt\/wp-json\/wp\/v2\/categories?post=118887"},{"taxonomy":"post_tag","embeddable":true,"href":"https:\/\/www.europesays.com\/pt\/wp-json\/wp\/v2\/tags?post=118887"}],"curies":[{"name":"wp","href":"https:\/\/api.w.org\/{rel}","templated":true}]}}