{"id":118889,"date":"2025-10-20T14:16:15","date_gmt":"2025-10-20T14:16:15","guid":{"rendered":"https:\/\/www.europesays.com\/pt\/118889\/"},"modified":"2025-10-20T14:16:15","modified_gmt":"2025-10-20T14:16:15","slug":"di-ferrero-e-isabeli-fontana-celebram-casamento-em-campo-grande","status":"publish","type":"post","link":"https:\/\/www.europesays.com\/pt\/118889\/","title":{"rendered":"Di Ferrero e Isabeli Fontana celebram casamento em Campo Grande"},"content":{"rendered":"<p class=\"Editoria\"><a href=\"https:\/\/www.campograndenews.com.br\/lado-b\/diversao\" target=\"_self\" rel=\"nofollow noopener\">Divers\u00e3o<\/a><\/p>\n<p class=\"SubTitulo\">Ex-vocalista do NX Zero ainda faz apresenta\u00e7\u00e3o r\u00e1pida em casamento de um primo na capital<\/p>\n<p>\nPor Thailla Torres | 20\/10\/2025 07:56<\/p>\n<p>O cantor Di Ferrero e a modelo Isabeli Fontana estiveram em Campo Grande no \u00faltimo fim de semana para celebrar o casamento de um primo do artista. Durante a festa, realizada no s\u00e1bado (18), o ex-vocalista da banda NX Zero fez uma participa\u00e7\u00e3o surpresa, apresentando cerca de cinco m\u00fasicas para os convidados. No domingo (19), o casal aproveitou para passear pela capital sul-mato-grossense, registrando momentos em um Fusca retr\u00f4. Natural de Campo Grande, Di Ferrero mant\u00e9m fortes la\u00e7os afetivos com a regi\u00e3o, onde ainda possui familiares, e costuma visitar a cidade frequentemente ao lado da esposa, com quem \u00e9 casado desde 2018.<\/p>\n<p style=\"text-align: justify;\">O fim de semana foi de clima familiar para o cantor Di Ferrero e a modelo Isabeli Fontana, que estiveram em Campo Grande para celebrar o casamento de um primo do artista, realizado no s\u00e1bado (18).<\/p>\n<p style=\"text-align: justify;\">Natural da Capital, Di Ferrero retornou \u00e0 cidade natal ao lado da esposa e, como n\u00e3o poderia deixar de ser, levou sua energia para a festa. Durante a recep\u00e7\u00e3o, o m\u00fasico, conhecido por sua trajet\u00f3ria como vocalista da banda NX Zero, fez uma participa\u00e7\u00e3o surpresa, cantando cerca de cinco m\u00fasicas e animando os convidados.<\/p>\n<p style=\"text-align: justify;\">No domingo (19), o casal estendeu a visita com um passeio pelas ruas de Campo Grande, posando em um Fusca retr\u00f4 e compartilhando o momento nas redes sociais. Mais tarde, Di apareceu ao volante de caminh\u00f5es.<\/p>\n<p style=\"text-align: justify;\">O cantor tem uma rela\u00e7\u00e3o afetiva forte com Mato Grosso do Sul, onde nasceu e ainda mant\u00e9m familiares. Sempre que pode, volta \u00e0 cidade para momentos de descanso e reencontros. Casado com Isabeli Fontana desde 2018, Di costuma dividir com a modelo essas viagens.<\/p>\n<p>Acompanhe o<strong>\u00a0Lado B\u00a0<\/strong>no Instagram <a href=\"https:\/\/www.instagram.com\/ladobcgoficial\/\" rel=\"noopener noreferrer nofollow\" target=\"_blank\">@ladobcgoficial<\/a>, <a href=\"https:\/\/www.facebook.com\/ladobcg\" rel=\"noopener noreferrer nofollow\" target=\"_blank\">Facebook<\/a> e<a href=\"https:\/\/twitter.com\/ladobcg\" rel=\"noopener noreferrer nofollow\" target=\"_blank\">\u00a0Twitter<\/a>. Tem pauta para sugerir? Mande nas redes sociais ou no Direto das Ruas atrav\u00e9s do <a href=\"https:\/\/www.campograndenews.com.br\/fale-conosco\" target=\"_blank\" rel=\"nofollow noopener\">WhatsApp<\/a><a href=\"https:\/\/api.whatsapp.com\/send?phone=5567996699563&amp;text=&amp;source=&amp;data=&amp;app_absent=\" rel=\"noopener noreferrer nofollow\" target=\"_blank\">\u00a0(67) 99669-9563 (chame aqui)<\/a>.<\/p>\n<p>Receba as principais not\u00edcias do Estado pelo Whats. <a href=\"https:\/\/chat.whatsapp.com\/Kajn5WniqVnA7hsSUn6vbP*Wi-Fi\" rel=\"noopener noreferrer nofollow\" target=\"_blank\">Clique aqui para entrar na lista VIP do Campo Grande News<\/a>.<\/p>\n<p><script async src=\"https:\/\/platform.twitter.com\/widgets.js\" charset=\"utf-8\"><\/script><script async src=\"\/\/www.instagram.com\/embed.js\"><\/script><\/p>\n","protected":false},"excerpt":{"rendered":"Divers\u00e3o Ex-vocalista do NX Zero ainda faz apresenta\u00e7\u00e3o r\u00e1pida em casamento de um primo na capital Por Thailla&hellip;\n","protected":false},"author":2,"featured_media":118890,"comment_status":"","ping_status":"","sticky":false,"template":"","format":"standard","meta":{"footnotes":""},"categories":[145],"tags":[528,3946,27670,6071,1435,20973,211,210,27674,27669,27673,114,115,27671,398,32,9800,33,27672,1668,5761],"class_list":{"0":"post-118889","1":"post","2":"type-post","3":"status-publish","4":"format-standard","5":"has-post-thumbnail","7":"category-celebridades","8":"tag-artista","9":"tag-campo","10":"tag-cantor-di-ferrero","11":"tag-capital","12":"tag-casamento","13":"tag-celebrar","14":"tag-celebridades","15":"tag-celebrities","16":"tag-cidade-natal","17":"tag-clima-familiar","18":"tag-di-ferrero-retornou","19":"tag-entertainment","20":"tag-entretenimento","21":"tag-modelo-isabeli-fontana","22":"tag-natural","23":"tag-portugal","24":"tag-primo","25":"tag-pt","26":"tag-realizado","27":"tag-sbado","28":"tag-semana"},"share_on_mastodon":{"url":"https:\/\/pubeurope.com\/@pt\/115406922250325171","error":""},"_links":{"self":[{"href":"https:\/\/www.europesays.com\/pt\/wp-json\/wp\/v2\/posts\/118889","targetHints":{"allow":["GET"]}}],"collection":[{"href":"https:\/\/www.europesays.com\/pt\/wp-json\/wp\/v2\/posts"}],"about":[{"href":"https:\/\/www.europesays.com\/pt\/wp-json\/wp\/v2\/types\/post"}],"author":[{"embeddable":true,"href":"https:\/\/www.europesays.com\/pt\/wp-json\/wp\/v2\/users\/2"}],"replies":[{"embeddable":true,"href":"https:\/\/www.europesays.com\/pt\/wp-json\/wp\/v2\/comments?post=118889"}],"version-history":[{"count":0,"href":"https:\/\/www.europesays.com\/pt\/wp-json\/wp\/v2\/posts\/118889\/revisions"}],"wp:featuredmedia":[{"embeddable":true,"href":"https:\/\/www.europesays.com\/pt\/wp-json\/wp\/v2\/media\/118890"}],"wp:attachment":[{"href":"https:\/\/www.europesays.com\/pt\/wp-json\/wp\/v2\/media?parent=118889"}],"wp:term":[{"taxonomy":"category","embeddable":true,"href":"https:\/\/www.europesays.com\/pt\/wp-json\/wp\/v2\/categories?post=118889"},{"taxonomy":"post_tag","embeddable":true,"href":"https:\/\/www.europesays.com\/pt\/wp-json\/wp\/v2\/tags?post=118889"}],"curies":[{"name":"wp","href":"https:\/\/api.w.org\/{rel}","templated":true}]}}