{"id":118891,"date":"2025-10-20T14:18:08","date_gmt":"2025-10-20T14:18:08","guid":{"rendered":"https:\/\/www.europesays.com\/pt\/118891\/"},"modified":"2025-10-20T14:18:08","modified_gmt":"2025-10-20T14:18:08","slug":"laboratorio-do-envelhecimento-recebe-marcia-amorim-autora-do-livro-ha-vida-no-luto","status":"publish","type":"post","link":"https:\/\/www.europesays.com\/pt\/118891\/","title":{"rendered":"Laborat\u00f3rio do Envelhecimento recebe M\u00e1rcia Amorim, autora do livro \u2018H\u00e1 Vida no Luto\u2019"},"content":{"rendered":"<p>            <a href=\"https:\/\/oilhavense.com\/wp-content\/uploads\/2025\/10\/Marcia-Amorim.jpg\" data-caption=\"\" rel=\"nofollow noopener\" target=\"_blank\"><img loading=\"lazy\" decoding=\"async\" width=\"696\" height=\"464\" class=\"entry-thumb td-modal-image\" src=\"https:\/\/www.europesays.com\/pt\/wp-content\/uploads\/2025\/10\/Marcia-Amorim-696x464.jpg\"   alt=\"\" title=\"M\u00e1rcia Amorim\"\/><\/a><\/p>\n<p>A pr\u00f3xima Oficina do Luto, que se realiza amanh\u00e3, ter\u00e7a-feira, dia 21 de outubro, \u00e0s 18 horas, no Laborat\u00f3rio do Envelhecimento,\u00a0ter\u00e1 como convidada M\u00e1rcia Amorim, Terapeuta do Luto e autora do livro \u2018H\u00e1 Vida no Luto\u2019.<\/p>\n<p>Dedicada a acompanhar pessoas no processo de reencontro consigo pr\u00f3prias ap\u00f3s uma perda, M\u00e1rcia Amorim traz uma abordagem profundamente humana e transformadora. A sua obra \u00e9 descrita como \u00abum abra\u00e7o em forma de palavras, uma luz para quem atravessa a dor da perda\u00bb.<\/p>\n<p>Num tempo em que tantas perdas s\u00e3o vividas em sil\u00eancio, este encontro prop\u00f5e um espa\u00e7o de escuta, empatia e partilha, essencial para quem procura acolhimento e compreens\u00e3o.<\/p>\n<p>As Oficinas de Luto, que integram o Programa de Apoio a Pessoas em Luto de \u00cdlhavo, realizam-se mensalmente, proporcionando apoio emocional e reflex\u00f5es sobre o luto, atrav\u00e9s de atividades tem\u00e1ticas conduzidas por especialistas.<\/p>\n","protected":false},"excerpt":{"rendered":"A pr\u00f3xima Oficina do Luto, que se realiza amanh\u00e3, ter\u00e7a-feira, dia 21 de outubro, \u00e0s 18 horas, no&hellip;\n","protected":false},"author":2,"featured_media":118892,"comment_status":"","ping_status":"","sticky":false,"template":"","format":"standard","meta":{"footnotes":""},"categories":[143],"tags":[169,114,115,170,32,33],"class_list":{"0":"post-118891","1":"post","2":"type-post","3":"status-publish","4":"format-standard","5":"has-post-thumbnail","7":"category-livros","8":"tag-books","9":"tag-entertainment","10":"tag-entretenimento","11":"tag-livros","12":"tag-portugal","13":"tag-pt"},"share_on_mastodon":{"url":"https:\/\/pubeurope.com\/@pt\/115406930340038106","error":""},"_links":{"self":[{"href":"https:\/\/www.europesays.com\/pt\/wp-json\/wp\/v2\/posts\/118891","targetHints":{"allow":["GET"]}}],"collection":[{"href":"https:\/\/www.europesays.com\/pt\/wp-json\/wp\/v2\/posts"}],"about":[{"href":"https:\/\/www.europesays.com\/pt\/wp-json\/wp\/v2\/types\/post"}],"author":[{"embeddable":true,"href":"https:\/\/www.europesays.com\/pt\/wp-json\/wp\/v2\/users\/2"}],"replies":[{"embeddable":true,"href":"https:\/\/www.europesays.com\/pt\/wp-json\/wp\/v2\/comments?post=118891"}],"version-history":[{"count":0,"href":"https:\/\/www.europesays.com\/pt\/wp-json\/wp\/v2\/posts\/118891\/revisions"}],"wp:featuredmedia":[{"embeddable":true,"href":"https:\/\/www.europesays.com\/pt\/wp-json\/wp\/v2\/media\/118892"}],"wp:attachment":[{"href":"https:\/\/www.europesays.com\/pt\/wp-json\/wp\/v2\/media?parent=118891"}],"wp:term":[{"taxonomy":"category","embeddable":true,"href":"https:\/\/www.europesays.com\/pt\/wp-json\/wp\/v2\/categories?post=118891"},{"taxonomy":"post_tag","embeddable":true,"href":"https:\/\/www.europesays.com\/pt\/wp-json\/wp\/v2\/tags?post=118891"}],"curies":[{"name":"wp","href":"https:\/\/api.w.org\/{rel}","templated":true}]}}