{"id":118895,"date":"2025-10-20T14:22:08","date_gmt":"2025-10-20T14:22:08","guid":{"rendered":"https:\/\/www.europesays.com\/pt\/118895\/"},"modified":"2025-10-20T14:22:08","modified_gmt":"2025-10-20T14:22:08","slug":"video-jogador-agride-arbitro-na-distrital-de-castelo-branco","status":"publish","type":"post","link":"https:\/\/www.europesays.com\/pt\/118895\/","title":{"rendered":"V\u00cdDEO: jogador agride \u00e1rbitro na distrital de Castelo Branco"},"content":{"rendered":"<p>O Pedr\u00f3g\u00e3o-Alcains, jogo da distrital de Castelo Branco, ficou marcado por uma agress\u00e3o de um jogador ao \u00e1rbitro.<\/p>\n<p>Depois de apitar para o final da partida vencida pela equipa de Pedr\u00f3g\u00e3o de S\u00e3o Pedro por 3-2, Leo Paix\u00e3o, capit\u00e3o do Alcains, dirigiu-se na dire\u00e7\u00e3o do \u00e1rbitro com o dedo em riste. A seguir, o juiz adomestou-o com o cart\u00e3o vermelho direto.<\/p>\n<p>Rapidamente, o ambiente aqueceu. O jogador brasileiro foi afastado por um companheiro de equipa, e at\u00e9 por um advers\u00e1rio, mas n\u00e3o se conformou com a situa\u00e7\u00e3o e acabou mesmo por desferir um soco que atingiu um dos ombros do \u00e1rbitro.<\/p>\n<p>Afastado da confus\u00e3o, o defesa-central de 26 anos foi depois identificado por dois elementos da GNR, enquanto a equipa de arbitragem seguiu, acompanhada por um outro GNR, na dire\u00e7\u00e3o contr\u00e1ria.<\/p>\n<p><strong>Veja todo o momento a partir das 2:01:10 horas:<\/strong><\/p>\n","protected":false},"excerpt":{"rendered":"O Pedr\u00f3g\u00e3o-Alcains, jogo da distrital de Castelo Branco, ficou marcado por uma agress\u00e3o de um jogador ao \u00e1rbitro.&hellip;\n","protected":false},"author":2,"featured_media":118896,"comment_status":"","ping_status":"","sticky":false,"template":"","format":"standard","meta":{"footnotes":""},"categories":[87],"tags":[27676,3266,3265,135,4238,27675,46,27677,32,33,47,134],"class_list":{"0":"post-118895","1":"post","2":"type-post","3":"status-publish","4":"format-standard","5":"has-post-thumbnail","7":"category-desporto","8":"tag-alcains","9":"tag-arbitragem","10":"tag-arbitro","11":"tag-desporto","12":"tag-incrivel","13":"tag-leo-paixao","14":"tag-maisfutebol","15":"tag-pedrogao","16":"tag-portugal","17":"tag-pt","18":"tag-pura-paixao","19":"tag-sports"},"share_on_mastodon":{"url":"https:\/\/pubeurope.com\/@pt\/115406945933412347","error":""},"_links":{"self":[{"href":"https:\/\/www.europesays.com\/pt\/wp-json\/wp\/v2\/posts\/118895","targetHints":{"allow":["GET"]}}],"collection":[{"href":"https:\/\/www.europesays.com\/pt\/wp-json\/wp\/v2\/posts"}],"about":[{"href":"https:\/\/www.europesays.com\/pt\/wp-json\/wp\/v2\/types\/post"}],"author":[{"embeddable":true,"href":"https:\/\/www.europesays.com\/pt\/wp-json\/wp\/v2\/users\/2"}],"replies":[{"embeddable":true,"href":"https:\/\/www.europesays.com\/pt\/wp-json\/wp\/v2\/comments?post=118895"}],"version-history":[{"count":0,"href":"https:\/\/www.europesays.com\/pt\/wp-json\/wp\/v2\/posts\/118895\/revisions"}],"wp:featuredmedia":[{"embeddable":true,"href":"https:\/\/www.europesays.com\/pt\/wp-json\/wp\/v2\/media\/118896"}],"wp:attachment":[{"href":"https:\/\/www.europesays.com\/pt\/wp-json\/wp\/v2\/media?parent=118895"}],"wp:term":[{"taxonomy":"category","embeddable":true,"href":"https:\/\/www.europesays.com\/pt\/wp-json\/wp\/v2\/categories?post=118895"},{"taxonomy":"post_tag","embeddable":true,"href":"https:\/\/www.europesays.com\/pt\/wp-json\/wp\/v2\/tags?post=118895"}],"curies":[{"name":"wp","href":"https:\/\/api.w.org\/{rel}","templated":true}]}}