{"id":118899,"date":"2025-10-20T14:24:10","date_gmt":"2025-10-20T14:24:10","guid":{"rendered":"https:\/\/www.europesays.com\/pt\/118899\/"},"modified":"2025-10-20T14:24:10","modified_gmt":"2025-10-20T14:24:10","slug":"joana-marques-bate-os-anjos-em-palco-em-sede-propria-torna-se-um-fenomeno-antes-da-estreia","status":"publish","type":"post","link":"https:\/\/www.europesays.com\/pt\/118899\/","title":{"rendered":"Joana Marques bate os Anjos em palco: &#8220;Em Sede Pr\u00f3pria&#8221; torna-se um fen\u00f3meno antes da estreia"},"content":{"rendered":"<p>Joana Marques ainda nem subiu ao palco e j\u00e1 soma um dos maiores sucessos do humor portugu\u00eas. &#8220;Em Sede Pr\u00f3pria&#8221;, o espet\u00e1culo que transforma o medi\u00e1tico processo judicial com os Anjos em material de stand-up, est\u00e1 praticamente esgotado meses antes da estreia.<\/p>\n<p data-remotead-prev-elm=\"true\" data-remotead-elm-id=\"inread\">As sess\u00f5es em Lisboa, no Coliseu dos Recreios, esgotaram rapidamente, restando apenas alguns bilhetes para tr\u00eas novas datas. No Porto, na Super Bock Arena, apenas duas das seis apresenta\u00e7\u00f5es ainda t\u00eam lugares dispon\u00edveis, que tamb\u00e9m dever\u00e3o esgotar em breve.<\/p>\n<p>&#8220;Descontrolado total, \u00e9 o que tenho a dizer&#8221;, reagiu Joana Marques nas redes sociais, entre surpresa e ironia. &#8220;Acho tudo isto um disparate sem precedentes, mas tamb\u00e9m \u00e9 essa a gra\u00e7a de estarmos vivos, n\u00e3o \u00e9?&#8221;, escreveu.<\/p>\n<p>Fen\u00f3meno que n\u00e3o abranda<\/p>\n<p data-remotead-prev-elm=\"true\" data-remotead-elm-id=\"centro1\">Ao todo, est\u00e3o marcadas 20 apresenta\u00e7\u00f5es: seis no Porto, entre 6 e 10 de maio de 2026, e 14 em Lisboa, entre 17 e 27 do mesmo m\u00eas. Aos fins de semana, haver\u00e1 sess\u00f5es duplas, \u00e0s 17.30 e \u00e0s 21.30 horas. Os bilhetes variam entre 22 e 40 euros, mas a procura tem sido t\u00e3o intensa que a organiza\u00e7\u00e3o j\u00e1 admite acrescentar novas datas e pondera uma digress\u00e3o nacional.<\/p>\n<p>Curiosamente, ser\u00e1 tamb\u00e9m no Coliseu dos Recreios que os Anjos atuar\u00e3o a 28 de fevereiro de 2026, tr\u00eas meses antes da estreia da humorista. A dupla Nelson e S\u00e9rgio Rosado regressa aos grandes palcos com o concerto &#8220;Anjos Tour MCMXCVIII&#8221;, para celebrar os 25 anos de carreira.<\/p>\n<p data-remotead-prev-elm=\"true\" data-remotead-elm-id=\"centro2\">De um processo judicial a um fen\u00f3meno de bilheteira, Joana Marques prova que sabe transformar pol\u00e9mica em gargalhadas e gargalhadas em sucesso. &#8220;Em Sede Pr\u00f3pria&#8221; ainda n\u00e3o come\u00e7ou, mas j\u00e1 \u00e9 o espet\u00e1culo de humor mais procurado do pa\u00eds.<\/p>\n","protected":false},"excerpt":{"rendered":"Joana Marques ainda nem subiu ao palco e j\u00e1 soma um dos maiores sucessos do humor portugu\u00eas. &#8220;Em&hellip;\n","protected":false},"author":2,"featured_media":118900,"comment_status":"","ping_status":"","sticky":false,"template":"","format":"standard","meta":{"footnotes":""},"categories":[85],"tags":[2875,27679,114,115,27678,222,2876,150,32,33,27680],"class_list":{"0":"post-118899","1":"post","2":"type-post","3":"status-publish","4":"format-standard","5":"has-post-thumbnail","7":"category-entretenimento","8":"tag-anjos","9":"tag-coliseu-dos-recreios","10":"tag-entertainment","11":"tag-entretenimento","12":"tag-espetaculos","13":"tag-humor","14":"tag-joana-marques","15":"tag-musica","16":"tag-portugal","17":"tag-pt","18":"tag-super-bock-arena"},"share_on_mastodon":{"url":"https:\/\/pubeurope.com\/@pt\/115406953899644720","error":""},"_links":{"self":[{"href":"https:\/\/www.europesays.com\/pt\/wp-json\/wp\/v2\/posts\/118899","targetHints":{"allow":["GET"]}}],"collection":[{"href":"https:\/\/www.europesays.com\/pt\/wp-json\/wp\/v2\/posts"}],"about":[{"href":"https:\/\/www.europesays.com\/pt\/wp-json\/wp\/v2\/types\/post"}],"author":[{"embeddable":true,"href":"https:\/\/www.europesays.com\/pt\/wp-json\/wp\/v2\/users\/2"}],"replies":[{"embeddable":true,"href":"https:\/\/www.europesays.com\/pt\/wp-json\/wp\/v2\/comments?post=118899"}],"version-history":[{"count":0,"href":"https:\/\/www.europesays.com\/pt\/wp-json\/wp\/v2\/posts\/118899\/revisions"}],"wp:featuredmedia":[{"embeddable":true,"href":"https:\/\/www.europesays.com\/pt\/wp-json\/wp\/v2\/media\/118900"}],"wp:attachment":[{"href":"https:\/\/www.europesays.com\/pt\/wp-json\/wp\/v2\/media?parent=118899"}],"wp:term":[{"taxonomy":"category","embeddable":true,"href":"https:\/\/www.europesays.com\/pt\/wp-json\/wp\/v2\/categories?post=118899"},{"taxonomy":"post_tag","embeddable":true,"href":"https:\/\/www.europesays.com\/pt\/wp-json\/wp\/v2\/tags?post=118899"}],"curies":[{"name":"wp","href":"https:\/\/api.w.org\/{rel}","templated":true}]}}