{"id":118905,"date":"2025-10-20T14:28:49","date_gmt":"2025-10-20T14:28:49","guid":{"rendered":"https:\/\/www.europesays.com\/pt\/118905\/"},"modified":"2025-10-20T14:28:49","modified_gmt":"2025-10-20T14:28:49","slug":"rede-luso-espanhola-usava-armazem-no-seixal-para-guardar-seis-toneladas-de-haxixe","status":"publish","type":"post","link":"https:\/\/www.europesays.com\/pt\/118905\/","title":{"rendered":"Rede luso-espanhola usava armaz\u00e9m no Seixal para guardar seis toneladas de haxixe"},"content":{"rendered":"<p>Entre estes est\u00e3o cinco portugueses e dois espanh\u00f3is, todos elementos da rede que, h\u00e1 largos meses, fazia viagens regulares a Marrocos para adquirir grandes quantidades de haxixe.<\/p>\n<p data-remotead-prev-elm=\"true\" data-remotead-elm-id=\"inread\">Neste pa\u00eds do Norte de \u00c1frica, a droga era carregada para lanchas r\u00e1pidas que, depois, subiam o rio Tejo at\u00e9 \u00e0 freguesia de Corroios, no Seixal. Aqui, os fardos de haxixe eram escondidos em carrinhas e transportados at\u00e9 a um armaz\u00e9m, que servia de base \u00e0 organiza\u00e7\u00e3o e a partir do qual a droga era distribu\u00edda. A maioria ia para bairros de Lisboa, mas h\u00e1 a suspeita de que parte do haxixe tivesse como destino Espanha.<\/p>\n<p><img decoding=\"async\" class=\"ngx-body\" guid=\"6a096bb7-d267-4ebc-9087-d89add6eabf8\" src=\"https:\/\/www.europesays.com\/pt\/wp-content\/uploads\/2025\/10\/1760970529_590_image.jpg\" width=\"100%\"\/>Foto: Direitos reservados<\/p>\n<p><strong>PSP fez buscas durante tr\u00eas dias<\/strong><\/p>\n<p data-remotead-prev-elm=\"true\" data-remotead-elm-id=\"centro1\">Uma investiga\u00e7\u00e3o da PSP, que se prolongou pelos \u00faltimos meses, recolheu ind\u00edcios sobre o modo de funcionamento da organiza\u00e7\u00e3o, a identidade dos seus principais membros e a localiza\u00e7\u00e3o dos espa\u00e7os usados para guardar a droga. A informa\u00e7\u00e3o acumulada permitiu que, nos \u00faltimos tr\u00eas dias, os pol\u00edcias da Divis\u00e3o de Investiga\u00e7\u00e3o Criminal realizassem buscas em diversos locais da \u00c1rea Metropolitana de Lisboa, inclusive nos concelhos do Seixal e Palmela.<\/p>\n<p>Era no primeiro destes munic\u00edpios que estava localizada a base do grupo criminoso. Na busca ao armaz\u00e9m, a PSP apreendeu a maior parte das seis toneladas de haxixe, duas lanchas r\u00e1pidas usadas para transportar a droga, cerca de 500 mil euros em dinheiro e v\u00e1rias armas.<\/p>\n<p data-remotead-prev-elm=\"true\" data-remotead-elm-id=\"centro2\">No mesmo local, foram detidos dois membros da rede, enquanto os restantes suspeitos foram surpreendidos nas suas pr\u00f3prias habita\u00e7\u00f5es, espalhadas por diferentes localidades da Grande Lisboa.<\/p>\n","protected":false},"excerpt":{"rendered":"Entre estes est\u00e3o cinco portugueses e dois espanh\u00f3is, todos elementos da rede que, h\u00e1 largos meses, fazia viagens&hellip;\n","protected":false},"author":2,"featured_media":118906,"comment_status":"","ping_status":"","sticky":false,"template":"","format":"standard","meta":{"footnotes":""},"categories":[10],"tags":[27,28,15,16,24839,14,603,27681,25,26,21,22,7808,12,13,19,20,32,23,24,1306,33,17,18,29,30,31],"class_list":{"0":"post-118905","1":"post","2":"type-post","3":"status-publish","4":"format-standard","5":"has-post-thumbnail","7":"category-portugal","8":"tag-breaking-news","9":"tag-breakingnews","10":"tag-featured-news","11":"tag-featurednews","12":"tag-haxixe","13":"tag-headlines","14":"tag-justica","15":"tag-lanchas-rapidas","16":"tag-latest-news","17":"tag-latestnews","18":"tag-main-news","19":"tag-mainnews","20":"tag-narcotrafico","21":"tag-news","22":"tag-noticias","23":"tag-noticias-principais","24":"tag-noticiasprincipais","25":"tag-portugal","26":"tag-principais-noticias","27":"tag-principaisnoticias","28":"tag-psp","29":"tag-pt","30":"tag-top-stories","31":"tag-topstories","32":"tag-ultimas","33":"tag-ultimas-noticias","34":"tag-ultimasnoticias"},"share_on_mastodon":{"url":"https:\/\/pubeurope.com\/@pt\/115406973595532377","error":""},"_links":{"self":[{"href":"https:\/\/www.europesays.com\/pt\/wp-json\/wp\/v2\/posts\/118905","targetHints":{"allow":["GET"]}}],"collection":[{"href":"https:\/\/www.europesays.com\/pt\/wp-json\/wp\/v2\/posts"}],"about":[{"href":"https:\/\/www.europesays.com\/pt\/wp-json\/wp\/v2\/types\/post"}],"author":[{"embeddable":true,"href":"https:\/\/www.europesays.com\/pt\/wp-json\/wp\/v2\/users\/2"}],"replies":[{"embeddable":true,"href":"https:\/\/www.europesays.com\/pt\/wp-json\/wp\/v2\/comments?post=118905"}],"version-history":[{"count":0,"href":"https:\/\/www.europesays.com\/pt\/wp-json\/wp\/v2\/posts\/118905\/revisions"}],"wp:featuredmedia":[{"embeddable":true,"href":"https:\/\/www.europesays.com\/pt\/wp-json\/wp\/v2\/media\/118906"}],"wp:attachment":[{"href":"https:\/\/www.europesays.com\/pt\/wp-json\/wp\/v2\/media?parent=118905"}],"wp:term":[{"taxonomy":"category","embeddable":true,"href":"https:\/\/www.europesays.com\/pt\/wp-json\/wp\/v2\/categories?post=118905"},{"taxonomy":"post_tag","embeddable":true,"href":"https:\/\/www.europesays.com\/pt\/wp-json\/wp\/v2\/tags?post=118905"}],"curies":[{"name":"wp","href":"https:\/\/api.w.org\/{rel}","templated":true}]}}