{"id":118921,"date":"2025-10-20T14:42:25","date_gmt":"2025-10-20T14:42:25","guid":{"rendered":"https:\/\/www.europesays.com\/pt\/118921\/"},"modified":"2025-10-20T14:42:25","modified_gmt":"2025-10-20T14:42:25","slug":"grupo-do-assalto-milionario-ao-santander-ja-esta-na-prisao","status":"publish","type":"post","link":"https:\/\/www.europesays.com\/pt\/118921\/","title":{"rendered":"Grupo do assalto milion\u00e1rio ao Santander j\u00e1 est\u00e1 na pris\u00e3o"},"content":{"rendered":"<p>Fernando Almeida, condenado a 11 anos, Lu\u00eds Miguel de Almeida, sentenciado com sete anos e dez meses, e Rui Fernandes, com cinco anos e quatro meses, come\u00e7aram agora a cumprir as penas.<\/p>\n<p data-remotead-prev-elm=\"true\" data-remotead-elm-id=\"inread\">M\u00e1rio Fernandes j\u00e1 est\u00e1 preso a cumprir seis anos e dez meses e o quinto arguido, V\u00edtor Oliveira, condenado a oito anos e dez meses, j\u00e1 est\u00e1 em liberdade condicional por ter efetuado mais de metade da pena, em pris\u00e3o preventiva.<\/p>\n<p>Os arguidos fizeram v\u00e1rios recursos, o \u00faltimo dos quais para o Tribunal Constitucional, facto que atrasou a devolu\u00e7\u00e3o de joias, rel\u00f3gios e pe\u00e7as de ourivesaria aos 40 lesados. Mas o Santander j\u00e1 havia indemnizado, em dois milh\u00f5es de euros, os clientes.<\/p>\n<p data-remotead-prev-elm=\"true\" data-remotead-elm-id=\"centro1\">O processo tinha 10 arguidos, julgados em 2017 e 2018, por terem assaltado o banco e dez casas em Braga, Arcos de Valdevez, e Ponte de Lima, de onde ter\u00e3o furtado mais 700 mil euros. Entre os lesados, est\u00e3o o empres\u00e1rio Domingos N\u00e9voa, o cantor Delfim J\u00fanior, e o m\u00e9dico e antigo atleta do Sporting de Braga, Romeu Maia.<\/p>\n","protected":false},"excerpt":{"rendered":"Fernando Almeida, condenado a 11 anos, Lu\u00eds Miguel de Almeida, sentenciado com sete anos e dez meses, e&hellip;\n","protected":false},"author":2,"featured_media":118922,"comment_status":"","ping_status":"","sticky":false,"template":"","format":"standard","meta":{"footnotes":""},"categories":[10],"tags":[2446,27683,1912,27,28,15,16,14,603,25,26,21,22,12,13,19,20,32,23,24,33,17,18,29,30,31],"class_list":{"0":"post-118921","1":"post","2":"type-post","3":"status-publish","4":"format-standard","5":"has-post-thumbnail","7":"category-portugal","8":"tag-assalto","9":"tag-banco-santander","10":"tag-braga","11":"tag-breaking-news","12":"tag-breakingnews","13":"tag-featured-news","14":"tag-featurednews","15":"tag-headlines","16":"tag-justica","17":"tag-latest-news","18":"tag-latestnews","19":"tag-main-news","20":"tag-mainnews","21":"tag-news","22":"tag-noticias","23":"tag-noticias-principais","24":"tag-noticiasprincipais","25":"tag-portugal","26":"tag-principais-noticias","27":"tag-principaisnoticias","28":"tag-pt","29":"tag-top-stories","30":"tag-topstories","31":"tag-ultimas","32":"tag-ultimas-noticias","33":"tag-ultimasnoticias"},"share_on_mastodon":{"url":"https:\/\/pubeurope.com\/@pt\/115407024498242137","error":""},"_links":{"self":[{"href":"https:\/\/www.europesays.com\/pt\/wp-json\/wp\/v2\/posts\/118921","targetHints":{"allow":["GET"]}}],"collection":[{"href":"https:\/\/www.europesays.com\/pt\/wp-json\/wp\/v2\/posts"}],"about":[{"href":"https:\/\/www.europesays.com\/pt\/wp-json\/wp\/v2\/types\/post"}],"author":[{"embeddable":true,"href":"https:\/\/www.europesays.com\/pt\/wp-json\/wp\/v2\/users\/2"}],"replies":[{"embeddable":true,"href":"https:\/\/www.europesays.com\/pt\/wp-json\/wp\/v2\/comments?post=118921"}],"version-history":[{"count":0,"href":"https:\/\/www.europesays.com\/pt\/wp-json\/wp\/v2\/posts\/118921\/revisions"}],"wp:featuredmedia":[{"embeddable":true,"href":"https:\/\/www.europesays.com\/pt\/wp-json\/wp\/v2\/media\/118922"}],"wp:attachment":[{"href":"https:\/\/www.europesays.com\/pt\/wp-json\/wp\/v2\/media?parent=118921"}],"wp:term":[{"taxonomy":"category","embeddable":true,"href":"https:\/\/www.europesays.com\/pt\/wp-json\/wp\/v2\/categories?post=118921"},{"taxonomy":"post_tag","embeddable":true,"href":"https:\/\/www.europesays.com\/pt\/wp-json\/wp\/v2\/tags?post=118921"}],"curies":[{"name":"wp","href":"https:\/\/api.w.org\/{rel}","templated":true}]}}