{"id":118954,"date":"2025-10-20T15:18:18","date_gmt":"2025-10-20T15:18:18","guid":{"rendered":"https:\/\/www.europesays.com\/pt\/118954\/"},"modified":"2025-10-20T15:18:18","modified_gmt":"2025-10-20T15:18:18","slug":"benfica-goleia-maritimo-na-estreia-da-taca-da-liga-feminina","status":"publish","type":"post","link":"https:\/\/www.europesays.com\/pt\/118954\/","title":{"rendered":"Benfica goleia Mar\u00edtimo na estreia da Ta\u00e7a da Liga Feminina"},"content":{"rendered":"<p>&#8211; Advertisement &#8211;<\/p>\n<p><strong>O Benfica venceu fora de casa o Mar\u00edtimo por 5-1 na primeira jornada da Ta\u00e7a da Liga. \u00c1guias marcaram quatro golos na segunda parte.<\/strong><\/p>\n<p>O Benfica estreia-se na Ta\u00e7a da Liga com goleada ao Mar\u00edtimo. Numa partida disputada na Madeira, as \u00e1guias ganharam este domingo de manh\u00e3 por 5-1 na primeira jornada da prova, com quatro golos a serem marcados na segunda parte. <\/p>\n<p>Diana Silva (31\u2032), Carissa Boeckmann (47\u2032), Neide Guedes (71\u2032), Gabi Zidoi (80\u2032, auto-golo) e Lara Martins (87\u2032) constru\u00edram a goleada do <a href=\"https:\/\/bolanarede.pt\/etiqueta\/benfica-feminino\/\" target=\"_blank\" rel=\"noreferrer noopener nofollow\">Benfica<\/a>. Na primeira parte, Fatumata Siss\u00e9 (41\u2032) marcou o \u00fanico golo do Mar\u00edtimo.<\/p>\n<p>O Benfica goleia assim o Mar\u00edtimo no Est\u00e1dio da Imaculada Concei\u00e7\u00e3o, numa partida a contar para a primeira jornada da primeira fase (S\u00e9rie A) da Ta\u00e7a da Liga.<\/p>\n","protected":false},"excerpt":{"rendered":"&#8211; Advertisement &#8211; O Benfica venceu fora de casa o Mar\u00edtimo por 5-1 na primeira jornada da Ta\u00e7a&hellip;\n","protected":false},"author":2,"featured_media":118955,"comment_status":"","ping_status":"","sticky":false,"template":"","format":"standard","meta":{"footnotes":""},"categories":[87],"tags":[260,51,135,478,9533,32,33,134,5344],"class_list":{"0":"post-118954","1":"post","2":"type-post","3":"status-publish","4":"format-standard","5":"has-post-thumbnail","7":"category-desporto","8":"tag-atualidade","9":"tag-benfica","10":"tag-desporto","11":"tag-destaques-bnr","12":"tag-maritimo","13":"tag-portugal","14":"tag-pt","15":"tag-sports","16":"tag-taca-da-liga"},"share_on_mastodon":{"url":"https:\/\/pubeurope.com\/@pt\/115407166378485364","error":""},"_links":{"self":[{"href":"https:\/\/www.europesays.com\/pt\/wp-json\/wp\/v2\/posts\/118954","targetHints":{"allow":["GET"]}}],"collection":[{"href":"https:\/\/www.europesays.com\/pt\/wp-json\/wp\/v2\/posts"}],"about":[{"href":"https:\/\/www.europesays.com\/pt\/wp-json\/wp\/v2\/types\/post"}],"author":[{"embeddable":true,"href":"https:\/\/www.europesays.com\/pt\/wp-json\/wp\/v2\/users\/2"}],"replies":[{"embeddable":true,"href":"https:\/\/www.europesays.com\/pt\/wp-json\/wp\/v2\/comments?post=118954"}],"version-history":[{"count":0,"href":"https:\/\/www.europesays.com\/pt\/wp-json\/wp\/v2\/posts\/118954\/revisions"}],"wp:featuredmedia":[{"embeddable":true,"href":"https:\/\/www.europesays.com\/pt\/wp-json\/wp\/v2\/media\/118955"}],"wp:attachment":[{"href":"https:\/\/www.europesays.com\/pt\/wp-json\/wp\/v2\/media?parent=118954"}],"wp:term":[{"taxonomy":"category","embeddable":true,"href":"https:\/\/www.europesays.com\/pt\/wp-json\/wp\/v2\/categories?post=118954"},{"taxonomy":"post_tag","embeddable":true,"href":"https:\/\/www.europesays.com\/pt\/wp-json\/wp\/v2\/tags?post=118954"}],"curies":[{"name":"wp","href":"https:\/\/api.w.org\/{rel}","templated":true}]}}