{"id":118978,"date":"2025-10-20T15:40:15","date_gmt":"2025-10-20T15:40:15","guid":{"rendered":"https:\/\/www.europesays.com\/pt\/118978\/"},"modified":"2025-10-20T15:40:15","modified_gmt":"2025-10-20T15:40:15","slug":"karoline-lima-surpreende-ao-aparecer-com-camisa-do-flamengo-celebridades","status":"publish","type":"post","link":"https:\/\/www.europesays.com\/pt\/118978\/","title":{"rendered":"Karoline Lima surpreende ao aparecer com camisa do Flamengo | Celebridades"},"content":{"rendered":"<p>Karoline Lima surpreende ao aparecer com camisa do Flamengo reprodu\u00e7\u00e3o Instagram<\/p>\n<p>Rio &#8211;\u00a0Karoline Lima movimentou as redes sociais neste domingo (19) ao aparecer usando uma camisa do Flamengo. A influenciadora contou que acompanharia o jogo do clube carioca contra o Palmeiras e deixou os f\u00e3s empolgados com a demonstra\u00e7\u00e3o de apoio ao time onde atua seu ex-namorado, o zagueiro L\u00e9o Pereira.<\/p>\n<p>Nos stories do Instagram, ela comentou sobre a escolha. &#8220;Eu vou fazer uma coisa que eu j\u00e1 tenho feito por esses dias, mas n\u00e3o tenho mostrado para voc\u00eas. S\u00f3 que hoje tem jogo importante do Flamengo e eu vou pegar a minha camisa e irei assistir o jogo, porque sim!\u201d, afirmou. Logo depois, escreveu: \u201cHoje tem jogo&#8221;.<\/p>\n<p><strong>Influenciadora posa com o uniforme rubro-negro<\/strong><\/p>\n<p>Ap\u00f3s a declara\u00e7\u00e3o, Karoline apareceu usando a camisa do Flamengo e compartilhou o registro com os seguidores. A influenciadora n\u00e3o vinha se mostrando acompanhando partidas do clube desde o fim do relacionamento com L\u00e9o Pereira, ocorrido no fim de setembro, logo ap\u00f3s a classifica\u00e7\u00e3o do time para a semifinal da Libertadores.<\/p>\n<p>A publica\u00e7\u00e3o reacendeu a esperan\u00e7a de quem torce pela volta do casal. Seguidores deixaram mensagens nas redes sociais, associando o gesto da influenciadora a uma poss\u00edvel reaproxima\u00e7\u00e3o. \u201cVoltaram, certeza!\u201d, comentou um internauta. Outro escreveu: \u201cS\u00f3 n\u00e3o pode esquecer a bolsinha de cora\u00e7\u00e3o. Toda sorte pro Mengo hoje \u00e9 v\u00e1lida, e sabemos que a \u2018mami\u2019 \u00e9 p\u00e9 quente.\u201d<\/p>\n","protected":false},"excerpt":{"rendered":"Karoline Lima surpreende ao aparecer com camisa do Flamengo reprodu\u00e7\u00e3o Instagram Rio &#8211;\u00a0Karoline Lima movimentou as redes sociais&hellip;\n","protected":false},"author":2,"featured_media":118979,"comment_status":"","ping_status":"","sticky":false,"template":"","format":"standard","meta":{"footnotes":""},"categories":[145],"tags":[211,210,114,115,2460,2304,12419,32,33],"class_list":{"0":"post-118978","1":"post","2":"type-post","3":"status-publish","4":"format-standard","5":"has-post-thumbnail","7":"category-celebridades","8":"tag-celebridades","9":"tag-celebrities","10":"tag-entertainment","11":"tag-entretenimento","12":"tag-flamengo","13":"tag-karoline-lima","14":"tag-leo-pereira","15":"tag-portugal","16":"tag-pt"},"share_on_mastodon":{"url":"https:\/\/pubeurope.com\/@pt\/115407252559275726","error":""},"_links":{"self":[{"href":"https:\/\/www.europesays.com\/pt\/wp-json\/wp\/v2\/posts\/118978","targetHints":{"allow":["GET"]}}],"collection":[{"href":"https:\/\/www.europesays.com\/pt\/wp-json\/wp\/v2\/posts"}],"about":[{"href":"https:\/\/www.europesays.com\/pt\/wp-json\/wp\/v2\/types\/post"}],"author":[{"embeddable":true,"href":"https:\/\/www.europesays.com\/pt\/wp-json\/wp\/v2\/users\/2"}],"replies":[{"embeddable":true,"href":"https:\/\/www.europesays.com\/pt\/wp-json\/wp\/v2\/comments?post=118978"}],"version-history":[{"count":0,"href":"https:\/\/www.europesays.com\/pt\/wp-json\/wp\/v2\/posts\/118978\/revisions"}],"wp:featuredmedia":[{"embeddable":true,"href":"https:\/\/www.europesays.com\/pt\/wp-json\/wp\/v2\/media\/118979"}],"wp:attachment":[{"href":"https:\/\/www.europesays.com\/pt\/wp-json\/wp\/v2\/media?parent=118978"}],"wp:term":[{"taxonomy":"category","embeddable":true,"href":"https:\/\/www.europesays.com\/pt\/wp-json\/wp\/v2\/categories?post=118978"},{"taxonomy":"post_tag","embeddable":true,"href":"https:\/\/www.europesays.com\/pt\/wp-json\/wp\/v2\/tags?post=118978"}],"curies":[{"name":"wp","href":"https:\/\/api.w.org\/{rel}","templated":true}]}}