{"id":119046,"date":"2025-10-20T16:35:31","date_gmt":"2025-10-20T16:35:31","guid":{"rendered":"https:\/\/www.europesays.com\/pt\/119046\/"},"modified":"2025-10-20T16:35:31","modified_gmt":"2025-10-20T16:35:31","slug":"entrou-em-casa-da-ex-mulher-escondeu-se-no-quarto-e-violou-a","status":"publish","type":"post","link":"https:\/\/www.europesays.com\/pt\/119046\/","title":{"rendered":"Entrou em casa da ex-mulher, escondeu-se no quarto e violou-a"},"content":{"rendered":"<p>O suspeito contactou a ex-mulher e disse-lhe que tinha comprado guloseimas para os filhos. Os doces deveriam ser entregues na sua resid\u00eancia, na freguesia de Arrifana. Por\u00e9m, era tudo um estratagema para a afastar da casa e assim conseguir entrar furtivamente na mesma.<\/p>\n<p data-remotead-prev-elm=\"true\" data-remotead-elm-id=\"inread\">Quando a mulher se foi deitar, foi surpreendida pelo ex-companheiro, que se tinha escondido no quarto. O homem, atrav\u00e9s da coa\u00e7\u00e3o e viol\u00eancia f\u00edsica, for\u00e7ou-a a manter rela\u00e7\u00f5es sexuais.<\/p>\n<p>&#8220;Ap\u00f3s algum tempo em que tentou evitar que o agressor escalasse em viol\u00eancia sobre si e possivelmente contra os filhos, a v\u00edtima conseguiu pedir aux\u00edlio a um vizinho que acionou a GNR, que se deslocou ao local, colocando termo \u00e0 situa\u00e7\u00e3o&#8221;, relata a Pol\u00edcia Judici\u00e1ria, atrav\u00e9s de comunicado.<\/p>\n<p data-remotead-prev-elm=\"true\" data-remotead-elm-id=\"centro1\">O caso chegou ao conhecimento da PJ, que, de imediato, desenvolveu dilig\u00eancias de recolha de prova que permitiram indiciar fortemente o homem da pr\u00e1tica dos crimes. &#8220;Dada a necessidade de acautelar a seguran\u00e7a da v\u00edtima e do seu agregado familiar, havendo j\u00e1 um hist\u00f3rico de processos de viol\u00eancia dom\u00e9stica instaurados&#8221;, o suspeito foi detido.<\/p>\n<p>O homem, com antecedentes criminais por crimes contra as pessoas e contra a propriedade, pelos quais cumpriu pena de pris\u00e3o, foi apresentado a primeiro interrogat\u00f3rio judicial, ficando sujeito \u00e0s medidas de coa\u00e7\u00e3o de proibi\u00e7\u00e3o de contactos com a v\u00edtima e de apresenta\u00e7\u00f5es trissemanais \u00e0 autoridade policial local.<\/p>\n","protected":false},"excerpt":{"rendered":"O suspeito contactou a ex-mulher e disse-lhe que tinha comprado guloseimas para os filhos. Os doces deveriam ser&hellip;\n","protected":false},"author":2,"featured_media":119047,"comment_status":"","ping_status":"","sticky":false,"template":"","format":"standard","meta":{"footnotes":""},"categories":[10],"tags":[27,28,15,16,14,603,25,26,21,22,12,13,19,20,4107,32,23,24,33,22037,17,18,29,30,31,8102],"class_list":{"0":"post-119046","1":"post","2":"type-post","3":"status-publish","4":"format-standard","5":"has-post-thumbnail","7":"category-portugal","8":"tag-breaking-news","9":"tag-breakingnews","10":"tag-featured-news","11":"tag-featurednews","12":"tag-headlines","13":"tag-justica","14":"tag-latest-news","15":"tag-latestnews","16":"tag-main-news","17":"tag-mainnews","18":"tag-news","19":"tag-noticias","20":"tag-noticias-principais","21":"tag-noticiasprincipais","22":"tag-pj","23":"tag-portugal","24":"tag-principais-noticias","25":"tag-principaisnoticias","26":"tag-pt","27":"tag-santa-maria-da-feira","28":"tag-top-stories","29":"tag-topstories","30":"tag-ultimas","31":"tag-ultimas-noticias","32":"tag-ultimasnoticias","33":"tag-violacao"},"share_on_mastodon":{"url":"https:\/\/pubeurope.com\/@pt\/115407469130332981","error":""},"_links":{"self":[{"href":"https:\/\/www.europesays.com\/pt\/wp-json\/wp\/v2\/posts\/119046","targetHints":{"allow":["GET"]}}],"collection":[{"href":"https:\/\/www.europesays.com\/pt\/wp-json\/wp\/v2\/posts"}],"about":[{"href":"https:\/\/www.europesays.com\/pt\/wp-json\/wp\/v2\/types\/post"}],"author":[{"embeddable":true,"href":"https:\/\/www.europesays.com\/pt\/wp-json\/wp\/v2\/users\/2"}],"replies":[{"embeddable":true,"href":"https:\/\/www.europesays.com\/pt\/wp-json\/wp\/v2\/comments?post=119046"}],"version-history":[{"count":0,"href":"https:\/\/www.europesays.com\/pt\/wp-json\/wp\/v2\/posts\/119046\/revisions"}],"wp:featuredmedia":[{"embeddable":true,"href":"https:\/\/www.europesays.com\/pt\/wp-json\/wp\/v2\/media\/119047"}],"wp:attachment":[{"href":"https:\/\/www.europesays.com\/pt\/wp-json\/wp\/v2\/media?parent=119046"}],"wp:term":[{"taxonomy":"category","embeddable":true,"href":"https:\/\/www.europesays.com\/pt\/wp-json\/wp\/v2\/categories?post=119046"},{"taxonomy":"post_tag","embeddable":true,"href":"https:\/\/www.europesays.com\/pt\/wp-json\/wp\/v2\/tags?post=119046"}],"curies":[{"name":"wp","href":"https:\/\/api.w.org\/{rel}","templated":true}]}}