{"id":119081,"date":"2025-10-20T17:05:10","date_gmt":"2025-10-20T17:05:10","guid":{"rendered":"https:\/\/www.europesays.com\/pt\/119081\/"},"modified":"2025-10-20T17:05:10","modified_gmt":"2025-10-20T17:05:10","slug":"repercussao-de-unfollow-em-virginia-movimenta-redes-e-fas-exaltam-karoline-lima-por-ser-seguida-por-georgina-rodriguez","status":"publish","type":"post","link":"https:\/\/www.europesays.com\/pt\/119081\/","title":{"rendered":"Repercuss\u00e3o de unfollow em Virg\u00ednia movimenta redes, e f\u00e3s exaltam Karoline Lima por ser seguida por Georgina Rodr\u00edguez"},"content":{"rendered":"\n<p class=\" content-text__container theme-color-primary-first-letter\" data-track-category=\"Link no Texto\" data-track-links=\"\"> <strong>Karoline Lima <\/strong>se viu no centro de uma nova onda de coment\u00e1rios nas redes sociais ap\u00f3s deixar de seguir <strong>Virg\u00ednia Fonseca<\/strong> no Instagram. A atitude gerou especula\u00e7\u00f5es entre os f\u00e3s, especialmente ap\u00f3s a aproxima\u00e7\u00e3o recente da empres\u00e1ria com Tain\u00e1 Castro, atual esposa de \u00c9der Milit\u00e3o, ex da modelo. Diante dos rumores, a influenciadora decidiu se pronunciar e esclarecer os motivos por tr\u00e1s da decis\u00e3o. <\/p>\n<ul class=\"content-unordered-list\">\n<li><strong>Confira: <\/strong><a class=\"\" href=\"https:\/\/oglobo.globo.com\/ela\/noticia\/2025\/10\/20\/quem-e-isabella-arantes-bailarina-gravida-do-primeiro-filho-com-gabriel-medina.ghtml\" rel=\"nofollow noopener\" target=\"_blank\"><strong>Quem \u00e9 Isabella Arantes, bailarina gr\u00e1vida do primeiro filho com Gabriel Medina<\/strong><\/a><\/li>\n<li><strong>Veja: <\/strong><a class=\"\" href=\"https:\/\/oglobo.globo.com\/ela\/noticia\/2025\/10\/20\/mae-de-virginia-fonseca-curte-comentario-sobre-ze-felipe-e-ana-castela-e-web-reage.ghtml\" rel=\"nofollow noopener\" target=\"_blank\"><strong>M\u00e3e de Virg\u00ednia Fonseca curte coment\u00e1rio sobre Z\u00e9 Felipe e Ana Castela e web reage<\/strong><\/a><\/li>\n<\/ul>\n<p class=\" content-text__container \" data-track-category=\"Link no Texto\" data-track-links=\"\"> Respondendo a perguntas de seguidores, Karoline afirmou que nunca foi seguida por Virg\u00ednia, apesar da rela\u00e7\u00e3o cordial entre as duas. &#8220;Ela sempre me mandou presentes da marca dela, me convidou para eventos. A gente j\u00e1 se encontrou algumas vezes e conversa normalmente&#8221;, explicou. Segundo ela, o unfollow n\u00e3o tem rela\u00e7\u00e3o com desaven\u00e7as pessoais, tampouco com v\u00ednculos de terceiros. <\/p>\n<p class=\" content-text__container \" data-track-category=\"Link no Texto\" data-track-links=\"\"> Karol refor\u00e7ou que sempre teve respeito e carinho por Virg\u00ednia e que acredita que o sentimento seja m\u00fatuo, mas deixou claro que seguir ou deixar de seguir algu\u00e9m nas redes sociais n\u00e3o define afeto. &#8220;Ela nunca teve obriga\u00e7\u00e3o de me seguir, e tudo bem. N\u00e3o \u00e9 isso que define o carinho que temos uma pela outra&#8221;, completou. <\/p>\n<p class=\" content-text__container \" data-track-category=\"Link no Texto\" data-track-links=\"\"> Apesar do tom pac\u00edfico da declara\u00e7\u00e3o, a repercuss\u00e3o nas redes foi intensa, e quem acabou entrando na conversa foi <strong>Georgina Rodr\u00edguez<\/strong>, esposa do craque <strong>Cristiano Ronaldo<\/strong>. Usu\u00e1rios do X e do Instagram passaram a destacar que, mesmo sem o follow de Virg\u00ednia, Karoline \u00e9 acompanhada pela argentina, o que virou motivo de exalta\u00e7\u00e3o entre os f\u00e3s. <\/p>\n<p class=\" content-text__container \" data-track-category=\"Link no Texto\" data-track-links=\"\"> &#8220;Karol, meu amor, Georgina te segue. E isso basta&#8221;, comentou uma seguidora. &#8220;S\u00f3 a mulher do CR7 que ama a Karol&#8221;, brincou outra. A rea\u00e7\u00e3o generalizada demonstrou apoio \u00e0 influenciadora, que foi chamada de &#8220;sensata&#8221; e &#8220;maravilhosa&#8221; em diversos coment\u00e1rios. &#8220;Se ela n\u00e3o te segue, por que voc\u00ea seguiria? Fez certo!&#8221;, apontou uma internauta. &#8220;Foca na tua best Georgina&#8221;, ironizou outra seguidora, referindo-se \u00e0 esposa do jogador portugu\u00eas como &#8220;a maior&#8221;. <\/p>\n<p>      <img decoding=\"async\" class=\"content-media__image\"  src=\"https:\/\/www.europesays.com\/pt\/wp-content\/uploads\/2025\/10\/whatsapp-image-2025-10-20-at-08.31.35.jpg\" alt=\"Georgina Rodr\u00edguez segue Karoline Lima ap\u00f3s unfollow em Virg\u00ednia Fonseca repercutir nas redes \u2014 Foto: Reprodu\u00e7\u00e3o Instagram\" width=\"1500\" height=\"984\" loading=\"lazy\"\/>  Georgina Rodr\u00edguez segue Karoline Lima ap\u00f3s unfollow em Virg\u00ednia Fonseca repercutir nas redes \u2014 Foto: Reprodu\u00e7\u00e3o Instagram       <\/p>\n<p class=\" content-text__container \" data-track-category=\"Link no Texto\" data-track-links=\"\"> A situa\u00e7\u00e3o tamb\u00e9m acendeu debates sobre distanciamentos no universo das celebridades. Atualmente, Tain\u00e1, com quem Virg\u00ednia tem demonstrado proximidade, \u00e9 casada com \u00c9der Milit\u00e3o, pai de Cec\u00edlia, filha de Karoline. Antes disso, Tain\u00e1 foi casada com o jogador L\u00e9o Pereira, outro ex da influenciadora. <\/p>\n","protected":false},"excerpt":{"rendered":"Karoline Lima se viu no centro de uma nova onda de coment\u00e1rios nas redes sociais ap\u00f3s deixar de&hellip;\n","protected":false},"author":2,"featured_media":119082,"comment_status":"","ping_status":"","sticky":false,"template":"","format":"standard","meta":{"footnotes":""},"categories":[145],"tags":[211,210,114,115,319,32,33,318],"class_list":{"0":"post-119081","1":"post","2":"type-post","3":"status-publish","4":"format-standard","5":"has-post-thumbnail","7":"category-celebridades","8":"tag-celebridades","9":"tag-celebrities","10":"tag-entertainment","11":"tag-entretenimento","12":"tag-hard-news","13":"tag-portugal","14":"tag-pt","15":"tag-radar"},"share_on_mastodon":{"url":"https:\/\/pubeurope.com\/@pt\/115407587770793593","error":""},"_links":{"self":[{"href":"https:\/\/www.europesays.com\/pt\/wp-json\/wp\/v2\/posts\/119081","targetHints":{"allow":["GET"]}}],"collection":[{"href":"https:\/\/www.europesays.com\/pt\/wp-json\/wp\/v2\/posts"}],"about":[{"href":"https:\/\/www.europesays.com\/pt\/wp-json\/wp\/v2\/types\/post"}],"author":[{"embeddable":true,"href":"https:\/\/www.europesays.com\/pt\/wp-json\/wp\/v2\/users\/2"}],"replies":[{"embeddable":true,"href":"https:\/\/www.europesays.com\/pt\/wp-json\/wp\/v2\/comments?post=119081"}],"version-history":[{"count":0,"href":"https:\/\/www.europesays.com\/pt\/wp-json\/wp\/v2\/posts\/119081\/revisions"}],"wp:featuredmedia":[{"embeddable":true,"href":"https:\/\/www.europesays.com\/pt\/wp-json\/wp\/v2\/media\/119082"}],"wp:attachment":[{"href":"https:\/\/www.europesays.com\/pt\/wp-json\/wp\/v2\/media?parent=119081"}],"wp:term":[{"taxonomy":"category","embeddable":true,"href":"https:\/\/www.europesays.com\/pt\/wp-json\/wp\/v2\/categories?post=119081"},{"taxonomy":"post_tag","embeddable":true,"href":"https:\/\/www.europesays.com\/pt\/wp-json\/wp\/v2\/tags?post=119081"}],"curies":[{"name":"wp","href":"https:\/\/api.w.org\/{rel}","templated":true}]}}