{"id":119091,"date":"2025-10-20T17:12:07","date_gmt":"2025-10-20T17:12:07","guid":{"rendered":"https:\/\/www.europesays.com\/pt\/119091\/"},"modified":"2025-10-20T17:12:07","modified_gmt":"2025-10-20T17:12:07","slug":"contacto-precoce-com-amendoim-evitou-60-mil-casos-de-alergia-em-10-anos-nos-eua","status":"publish","type":"post","link":"https:\/\/www.europesays.com\/pt\/119091\/","title":{"rendered":"Contacto precoce com amendoim evitou 60 mil casos de alergia em 10 anos nos EUA"},"content":{"rendered":"<p>&#13;<br \/>\nUma d\u00e9cada depois de um estudo hist\u00f3rico ter levado \u00e0 altera\u00e7\u00e3o da pr\u00e1tica m\u00e9dica, recomendando a introdu\u00e7\u00e3o do alerg\u00e9nio na alimenta\u00e7\u00e3o de beb\u00e9s a partir dos 4 meses, a nova investiga\u00e7\u00e3o constatou que &#8220;a mudan\u00e7a fez uma grande diferen\u00e7a no mundo real&#8221;, segundo a ag\u00eancia noticiosa norte-americana Associated Press (AP).&#13;\n<\/p>\n<p>&#13;<br \/>\nAt\u00e9 ent\u00e3o, a diretriz era adiar a alimenta\u00e7\u00e3o das crian\u00e7as com amendoins e outros alimentos que podem desencadear alergias at\u00e9 aos 3 anos de idade.&#13;\n<\/p>\n<p>&#13;<br \/>\nO autor do estudo divulgado hoje, David Hill, alergologista e investigador do Hospital Infantil de Filad\u00e9lfia, e os seus colegas analisaram registos eletr\u00f3nicos de dezenas de cl\u00ednicas pedi\u00e1tricas para rastrear diagn\u00f3sticos de alergias alimentares em crian\u00e7as pequenas antes, durante e depois da publica\u00e7\u00e3o daquela recomenda\u00e7\u00e3o inovadora.&#13;\n<\/p>\n<p>&#13;<br \/>\n&#8220;H\u00e1 [atualmente] menos crian\u00e7as com alergia alimentar do que haveria se n\u00e3o tiv\u00e9ssemos implementado este esfor\u00e7o de sa\u00fade p\u00fablica&#8221;, disse Hill citado pela AP, considerando tratar-se de &#8220;algo not\u00e1vel&#8221;.&#13;\n<\/p>\n<p>&#13;<br \/>\nOs investigadores descobriram que as alergias ao amendoim em crian\u00e7as dos 0 aos 3 anos diminu\u00edram em mais de 27% ap\u00f3s a publica\u00e7\u00e3o das diretrizes para crian\u00e7as de alto risco em 2015 e em mais de 40% ap\u00f3s a expans\u00e3o das recomenda\u00e7\u00f5es em 2017.&#13;\n<\/p>\n<p>&#13;<br \/>\nO novo estudo refor\u00e7a, assim, a atual recomenda\u00e7\u00e3o, atualizada em 2021, da introdu\u00e7\u00e3o de amendoins e outros alerg\u00e9nios alimentares importantes entre os 4 e os 6 meses, sem rastreio ou teste pr\u00e9vio.&#13;\n<\/p>\n<p>&#13;<br \/>\n&#8220;N\u00e3o precisa de ser uma grande quantidade de alimentos, mas sim pequenos sabores de manteiga de amendoim, iogurte \u00e0 base de leite, iogurtes \u00e0 base de soja e tr\u00eas manteigas de frutos secos&#8221;, disse Hill, acrescentando que isso permite que &#8220;o sistema imunit\u00e1rio se exponha a estes alimentos alerg\u00e9nicos de forma segura&#8221;&#13;\n<\/p>\n<p>&#13;<br \/>\nA investiga\u00e7\u00e3o publicada em 2015 e conduzida por Gideon Lack, do King`s College London, demonstrou que a introdu\u00e7\u00e3o precoce de produtos \u00e0 base de amendoim reduzia o risco futuro de desenvolver alergias alimentares em mais de 80%, mostrando an\u00e1lises posteriores que a prote\u00e7\u00e3o persistiu em cerca de 70% das crian\u00e7as at\u00e9 \u00e0 adolesc\u00eancia.&#13;\n<\/p>\n<p>&#13;<br \/>\nApesar de este estudo ter originado imediatamente novas diretrizes incentivando a introdu\u00e7\u00e3o precoce do amendoim na alimenta\u00e7\u00e3o, a sua implementa\u00e7\u00e3o tem sido lenta, mostrando algumas sondagens que apenas cerca de 29% dos pediatras e 65% dos alergologistas referiram seguir as diretrizes alargadas emitidas em 2017.&#13;\n<\/p>\n<p>&#13;<br \/>\nUm coment\u00e1rio que acompanha o estudo mais recente admite que a confus\u00e3o e a incerteza sobre a melhor forma de introduzir o amendoim na inf\u00e2ncia tenham levado ao atraso na aplica\u00e7\u00e3o das novas recomenda\u00e7\u00f5es.&#13;\n<\/p>\n<p>&#13;<br \/>\nO coment\u00e1rio, liderado pela especialista em alergia infantil da Universidade Northwestern Ruchi Gupta, observa ainda que os dados analisados no estudo podem n\u00e3o representar toda a popula\u00e7\u00e3o pedi\u00e1trica dos Estados Unidos, mas conclui que a investiga\u00e7\u00e3o apresenta &#8220;evid\u00eancias promissoras de que a introdu\u00e7\u00e3o precoce de alerg\u00e9nios n\u00e3o s\u00f3 est\u00e1 a ser adotada, como pode estar a causar um impacto mensur\u00e1vel&#8221;.&#13;\n<\/p>\n<p>&#13;<br \/>\nSegundo a AP, os defensores dos 33 milh\u00f5es de pessoas com alergias alimentares nos EUA acolheram com agrado os sinais de que a introdu\u00e7\u00e3o precoce de produtos \u00e0 base de amendoim se est\u00e1 a tornar popular.&#13;\n<\/p>\n<p>&#13;<br \/>\n&#8220;Esta investiga\u00e7\u00e3o refor\u00e7a o que j\u00e1 sabemos e destaca uma oportunidade significativa para reduzir a incid\u00eancia e a preval\u00eancia da alergia ao amendoim em todo o pa\u00eds&#8221;, disse Sung Poblete, diretora executiva do grupo sem fins lucrativos Food Allergy Research &amp; Education (FARE).&#13;\n<\/p>\n<p>&#13;<br \/>\n\u00a0&#13;<\/p>\n","protected":false},"excerpt":{"rendered":"&#13; Uma d\u00e9cada depois de um estudo hist\u00f3rico ter levado \u00e0 altera\u00e7\u00e3o da pr\u00e1tica m\u00e9dica, recomendando a introdu\u00e7\u00e3o&hellip;\n","protected":false},"author":2,"featured_media":119092,"comment_status":"","ping_status":"","sticky":false,"template":"","format":"standard","meta":{"footnotes":""},"categories":[86],"tags":[2369,5399,413,116,27726,32,33,117],"class_list":{"0":"post-119091","1":"post","2":"type-post","3":"status-publish","4":"format-standard","5":"has-post-thumbnail","7":"category-saude","8":"tag-alimentacao","9":"tag-amendoim","10":"tag-eua","11":"tag-health","12":"tag-pediatrics","13":"tag-portugal","14":"tag-pt","15":"tag-saude"},"share_on_mastodon":{"url":"https:\/\/pubeurope.com\/@pt\/115407614286558067","error":""},"_links":{"self":[{"href":"https:\/\/www.europesays.com\/pt\/wp-json\/wp\/v2\/posts\/119091","targetHints":{"allow":["GET"]}}],"collection":[{"href":"https:\/\/www.europesays.com\/pt\/wp-json\/wp\/v2\/posts"}],"about":[{"href":"https:\/\/www.europesays.com\/pt\/wp-json\/wp\/v2\/types\/post"}],"author":[{"embeddable":true,"href":"https:\/\/www.europesays.com\/pt\/wp-json\/wp\/v2\/users\/2"}],"replies":[{"embeddable":true,"href":"https:\/\/www.europesays.com\/pt\/wp-json\/wp\/v2\/comments?post=119091"}],"version-history":[{"count":0,"href":"https:\/\/www.europesays.com\/pt\/wp-json\/wp\/v2\/posts\/119091\/revisions"}],"wp:featuredmedia":[{"embeddable":true,"href":"https:\/\/www.europesays.com\/pt\/wp-json\/wp\/v2\/media\/119092"}],"wp:attachment":[{"href":"https:\/\/www.europesays.com\/pt\/wp-json\/wp\/v2\/media?parent=119091"}],"wp:term":[{"taxonomy":"category","embeddable":true,"href":"https:\/\/www.europesays.com\/pt\/wp-json\/wp\/v2\/categories?post=119091"},{"taxonomy":"post_tag","embeddable":true,"href":"https:\/\/www.europesays.com\/pt\/wp-json\/wp\/v2\/tags?post=119091"}],"curies":[{"name":"wp","href":"https:\/\/api.w.org\/{rel}","templated":true}]}}