{"id":119109,"date":"2025-10-20T17:28:15","date_gmt":"2025-10-20T17:28:15","guid":{"rendered":"https:\/\/www.europesays.com\/pt\/119109\/"},"modified":"2025-10-20T17:28:15","modified_gmt":"2025-10-20T17:28:15","slug":"lideres-inspiram-nova-geracao-no-advb-sc-academy","status":"publish","type":"post","link":"https:\/\/www.europesays.com\/pt\/119109\/","title":{"rendered":"L\u00edderes inspiram nova gera\u00e7\u00e3o no ADVB\/SC Academy"},"content":{"rendered":"<p data-start=\"73\" data-end=\"457\">O <a href=\"https:\/\/acontecendoaqui.com.br\/marketing\/advb-sc-e-setur-retomam-premios-que-celebram-o-turismo-catarinense\/\" target=\"_blank\" rel=\"noopener nofollow\"><strong>ADVB\/SC Academy<\/strong><\/a> realiza mais uma edi\u00e7\u00e3o no dia 29\/10, \u00e0s 19h, com o prop\u00f3sito de promover a troca de conhecimento e fortalecer o ecossistema empresarial de Santa Catarina. O encontro acontecer\u00e1 no Teatro Adelaide Konder, localizado no campus da UNIVALI, em Itaja\u00ed.<\/p>\n<p data-start=\"459\" data-end=\"919\" data-is-last-node=\"\" data-is-only-node=\"\">Com o tema \u201cCases de Sucesso\u201d, o evento reunir\u00e1 grandes nomes do empreendedorismo e da comunica\u00e7\u00e3o catarinense. Entre os palestrantes confirmados est\u00e3o Ant\u00f4nio Koch, acionista e presidente do Conselho do Grupo Koch; Rodrigo Cancellier, vice-presidente de opera\u00e7\u00f5es da 9mm Comunica\u00e7\u00e3o; Franc\u00edele Chiapetti, CEO da Tatticas Publicidade e Propaganda; e Thomas Barichello Fischer, cofundador da FHaus e do Fischer Group.<\/p>\n<p><a target=\"_blank\" href=\"https:\/\/scc10.com.br\/nosso-scc\/henrique-zanotto-assume-o-comando-do-scc-meio-dia-ao-lado-de-maria-ester\/\" data-post_id=\"223281\" rel=\"nofollow noopener\"><img decoding=\"async\" width=\"336px\" height=\"280px\" src=\"data:image\/svg+xml,%3Csvg%20xmlns=\" http:=\"\" alt=\"\" data-lazy-src=\"https:\/\/www.europesays.com\/pt\/wp-content\/uploads\/2025\/10\/AA_336X280_HENRIQUE-E-MARIA.png\"\/><\/a>Publicidade<\/p>\n<p dir=\"ltr\">A proposta \u00e9 apresentar trajet\u00f3rias\u00a0inspiradoras e estrat\u00e9gias que impulsionaram o crescimento de marcas catarinenses, promovendo um espa\u00e7o de aprendizado pr\u00e1tico e networking entre profissionais, empreendedores e estudantes.<\/p>\n<p dir=\"ltr\">O\u00a0ADVB\/SC\u00a0Academy\u00a0\u00e9 uma iniciativa da Associa\u00e7\u00e3o dos Dirigentes de Vendas e Marketing de Santa Catarina (ADVB\/SC), com apoio da UNIVALI. S\u00e3o mantenedores o BRDE, Duas Rodas, FG Empreendimentos, Grupo Koch, Karsten e Sicoob.<\/p>\n<p dir=\"ltr\"><a href=\"https:\/\/advbsc.com.br\" target=\"_blank\" rel=\"noopener nofollow\">Inscri\u00e7\u00f5es gratuitas aqui<\/a>.<\/p>\n<p><img fetchpriority=\"high\" decoding=\"async\" aria-describedby=\"caption-attachment-233406\" class=\"wp-image-233406\" src=\"data:image\/svg+xml,%3Csvg%20xmlns=\" http:=\"\" alt=\"\" width=\"600\" height=\"343\" data-lazy- data-lazy- data-lazy-src=\"https:\/\/www.europesays.com\/pt\/wp-content\/uploads\/2025\/10\/3-61-300x171.jpg\"\/><\/p>\n<p id=\"caption-attachment-233406\" class=\"wp-caption-text\">Foto: Divulga\u00e7\u00e3o<\/p>\n<p dir=\"ltr\">Entre em contato com o AcontecendoAqui se tiver interesse em divulgar seus trabalhos para a Comunidade AcontecendoAqui. Envie um e-mail para\u00a0<a href=\"https:\/\/acontecendoaqui.com.br\/cdn-cgi\/l\/email-protection\" class=\"__cf_email__\" data-cfemail=\"b8cadddcd9dbd9d7f8d9dbd7d6ccdddbddd6dcd7d9c9cdd196dbd7d596daca\" rel=\"nofollow noopener\" target=\"_blank\">[email\u00a0protected]<\/a><\/p>\n","protected":false},"excerpt":{"rendered":"O ADVB\/SC Academy realiza mais uma edi\u00e7\u00e3o no dia 29\/10, \u00e0s 19h, com o prop\u00f3sito de promover a&hellip;\n","protected":false},"author":2,"featured_media":119110,"comment_status":"","ping_status":"","sticky":false,"template":"","format":"standard","meta":{"footnotes":""},"categories":[84],"tags":[27727,109,107,108,12000,3765,2172,21118,27728,834,32,33,105,103,104,106,110],"class_list":{"0":"post-119109","1":"post","2":"type-post","3":"status-publish","4":"format-standard","5":"has-post-thumbnail","7":"category-ciencia-e-tecnologia","8":"tag-advb-sc","9":"tag-ciencia","10":"tag-ciencia-e-tecnologia","11":"tag-cienciaetecnologia","12":"tag-conhecimento","13":"tag-empreendedorismo","14":"tag-inovacao","15":"tag-itajai","16":"tag-lideranca","17":"tag-negocios","18":"tag-portugal","19":"tag-pt","20":"tag-science","21":"tag-science-and-technology","22":"tag-scienceandtechnology","23":"tag-technology","24":"tag-tecnologia"},"share_on_mastodon":{"url":"https:\/\/pubeurope.com\/@pt\/115407677442924064","error":""},"_links":{"self":[{"href":"https:\/\/www.europesays.com\/pt\/wp-json\/wp\/v2\/posts\/119109","targetHints":{"allow":["GET"]}}],"collection":[{"href":"https:\/\/www.europesays.com\/pt\/wp-json\/wp\/v2\/posts"}],"about":[{"href":"https:\/\/www.europesays.com\/pt\/wp-json\/wp\/v2\/types\/post"}],"author":[{"embeddable":true,"href":"https:\/\/www.europesays.com\/pt\/wp-json\/wp\/v2\/users\/2"}],"replies":[{"embeddable":true,"href":"https:\/\/www.europesays.com\/pt\/wp-json\/wp\/v2\/comments?post=119109"}],"version-history":[{"count":0,"href":"https:\/\/www.europesays.com\/pt\/wp-json\/wp\/v2\/posts\/119109\/revisions"}],"wp:featuredmedia":[{"embeddable":true,"href":"https:\/\/www.europesays.com\/pt\/wp-json\/wp\/v2\/media\/119110"}],"wp:attachment":[{"href":"https:\/\/www.europesays.com\/pt\/wp-json\/wp\/v2\/media?parent=119109"}],"wp:term":[{"taxonomy":"category","embeddable":true,"href":"https:\/\/www.europesays.com\/pt\/wp-json\/wp\/v2\/categories?post=119109"},{"taxonomy":"post_tag","embeddable":true,"href":"https:\/\/www.europesays.com\/pt\/wp-json\/wp\/v2\/tags?post=119109"}],"curies":[{"name":"wp","href":"https:\/\/api.w.org\/{rel}","templated":true}]}}