{"id":119139,"date":"2025-10-20T17:48:14","date_gmt":"2025-10-20T17:48:14","guid":{"rendered":"https:\/\/www.europesays.com\/pt\/119139\/"},"modified":"2025-10-20T17:48:14","modified_gmt":"2025-10-20T17:48:14","slug":"portugal-dos-pequenitos-transforma-se-em-aldeia-de-natal-no-final-de-novembro-coimbra","status":"publish","type":"post","link":"https:\/\/www.europesays.com\/pt\/119139\/","title":{"rendered":"Portugal dos Pequenitos transforma-se em aldeia de Natal no final de Novembro | Coimbra"},"content":{"rendered":"<p>O Portugal dos Pequenitos, em Coimbra, vai transformar-se numa aldeia de Natal no final de Novembro, tendo como atractivos um mercadinho, uma f\u00e1brica do riso e um workshop de culin\u00e1ria em perman\u00eancia, revelou nesta segunda-feira o director do parque tem\u00e1tico.<\/p>\n<p>&#8220;Este ano vamos ter pela primeira vez uma actividade importante, que \u00e9 o conceito de aldeia de Natal, precisamente no s\u00edtio das casinhas tradicionais, onde temos as r\u00e9plicas de todas as regi\u00f5es de Portugal. A ideia \u00e9 que tenhamos um conceito quente, natal\u00edcio e onde se viva o esp\u00edrito de Natal&#8221;, destacou Nuno Gon\u00e7alves.<\/p>\n<p>Em declara\u00e7\u00f5es \u00e0 ag\u00eancia Lusa, o director do <a href=\"https:\/\/www.publico.pt\/2020\/06\/01\/local\/noticia\/portugal-pequenitos-reabriu-dia-crianca-mes-celebra-80-anos-1918956\" rel=\"nofollow noopener\" target=\"_blank\">Portugal dos Pequenitos <\/a>explicou que, de 29 de Novembro a 06 de Janeiro de 2026, o parque vai ter em funcionamento um mercadinho, onde se poder\u00e3o provar bolachas de Natal ou chocolate quente.<\/p>\n<p>&#8220;Neste conceito de aldeia Natal, vamos ter tamb\u00e9m outras actividades, como a f\u00e1brica do riso e um workshop em perman\u00eancia de culin\u00e1ria, de alimenta\u00e7\u00e3o, que tamb\u00e9m queremos que seja saud\u00e1vel&#8221;, acrescentou.<\/p>\n<p>De acordo com Nuno Gon\u00e7alves, a f\u00e1brica do riso ter\u00e1 &#8220;uma preocupa\u00e7\u00e3o pedag\u00f3gica&#8221;, esperando que os visitantes tenham mais do que uma visita. &#8220;Queremos que os nossos visitantes tenham uma experi\u00eancia, que seja viva, que seja rica e que saiam daqui com algo mais&#8221;, sustentou.<\/p>\n<p>Na f\u00e1brica do riso ser\u00e3o captadas &#8220;as gargalhadas e os risos genu\u00ednos&#8221; das fam\u00edlias que visitam o parque tem\u00e1tico, que ter\u00e3o como objectivo \u00faltimo construir uma grava\u00e7\u00e3o de v\u00eddeo que possa ser enviada para as alas pedi\u00e1tricas de 38 hospitais portugueses.<\/p>\n<p>&#8220;A grava\u00e7\u00e3o em v\u00eddeo ter\u00e1 ac\u00e7\u00f5es do conto de hist\u00f3rias que v\u00e3o provocar riso \u00e0s crian\u00e7as e o riso das fam\u00edlias para que, num momento mais dif\u00edcil de outras fam\u00edlias, outras crian\u00e7as possam ser contagiadas positivamente pelos risos dessas mesmas crian\u00e7as&#8221;, apontou.<\/p>\n<p>Nuno Gon\u00e7alves disse ainda \u00e0 Lusa que o kit a enviar para as alas pedi\u00e1tricas, para al\u00e9m das grava\u00e7\u00f5es em v\u00eddeo, contar\u00e1 ainda com uma coluna e ser\u00e1 enviado numa caixa pintada \u00e0 m\u00e3o por crian\u00e7as.<\/p>\n<p>&#8220;Trata-se de um trabalho pedag\u00f3gico, de amor, de carinho e, portanto, uma liga\u00e7\u00e3o entre a visita\u00e7\u00e3o no <a href=\"https:\/\/www.publico.pt\/2020\/05\/08\/fugas\/noticia\/passeios-digitais-portugal-pequenitos-1915581\" rel=\"nofollow noopener\" target=\"_blank\">Portugal dos Pequenitos<\/a>, essa experi\u00eancia e tamb\u00e9m essa filantropia. E nada melhor do que numa altura de Natal n\u00f3s podermos dar o nosso amor a outras pessoas que, infelizmente, numa altura em concreto est\u00e3o a passar mais dificuldade&#8221;, alegou.<\/p>\n<p>A aldeia de Natal poder\u00e1 ser visitada de 29 de Novembro a 06 de Janeiro de 2026, mantendo-se o valor das bilheteiras. &#8220;Estimamos receber cerca de 15 mil pessoas durante esse per\u00edodo&#8221;, concluiu.<\/p>\n<p>Mais cinco edif\u00edcios<\/p>\n<p>A<a href=\"http:\/\/publico.pt\/2025\/07\/28\/culturaipsilon\/noticia\/portugal-pequenitos-lanca-concurso-construcao-arquitetura-contemporanea-2142018\" rel=\"nofollow noopener\" target=\"_blank\"> constru\u00e7\u00e3o de cinco novos edif\u00edcios<\/a> em escala reduzida, da autoria de arquitectos contempor\u00e2neos, no parque do Portugal dos Pequenitos dever\u00e1 arrancar em Janeiro do pr\u00f3ximo ano, avan\u00e7ou ainda o director.<\/p>\n<p>&#8220;O procedimento de concurso est\u00e1 a chegar ao fim e n\u00f3s temos a expectativa de come\u00e7ar as obras a partir de Janeiro [de 2026]. Est\u00e1 tudo preparado para, finalmente, implantarmos esse grandioso projecto&#8221;, revelou.<\/p>\n<p>Nuno Gon\u00e7alves informou que a constru\u00e7\u00e3o de cinco edif\u00edcios em escala reduzida representa um investimento na ordem dos sete milh\u00f5es de euros.<\/p>\n<p>&#8220;Vamos ter cinco edif\u00edcios novos: a Casa da M\u00fasica do Porto, de Rem Koolhaas; o Terminal do Porto de Leix\u00f5es, do Lu\u00eds Pedro Silva; a Casa das Hist\u00f3rias, de Paula Rego, do arquitecto Souto Moura; o Pavilh\u00e3o de Portugal, do arquitecto Siza Vieira; e o Bar \u00e0 Margem, do arquitecto Jo\u00e3o Pedro Falc\u00e3o de Campos&#8221;, referiu.<\/p>\n<p>Segundo o director do parque tem\u00e1tico, as novas constru\u00e7\u00f5es v\u00e3o estar todas interligadas, num processo paisag\u00edstico, com planos de \u00e1gua.<\/p>\n<p>&#8220;Vamos ter zonas verdes, zonas de frui\u00e7\u00e3o, tudo ligado do ponto de vista arquitect\u00f3nico e a ideia de termos a presen\u00e7a da arquitectura portuguesa no parque neste enorm\u00edssimo investimento&#8221;, evidenciou.<\/p>\n<p>As obras dever\u00e3o demorar entre 14 e 18 meses, estimando-se que a inaugura\u00e7\u00e3o do novo espa\u00e7o possa acontecer &#8220;em meados de 2027&#8221;.<\/p>\n<p>Fundado por Fernando Bissaya Barreto, na vig\u00eancia do regime ditatorial do Estado Novo de Salazar e no contexto da realiza\u00e7\u00e3o da Exposi\u00e7\u00e3o do Mundo Portugu\u00eas, o Portugal dos Pequenitos est\u00e1 a comemorar 85 anos de actividade.<\/p>\n","protected":false},"excerpt":{"rendered":"O Portugal dos Pequenitos, em Coimbra, vai transformar-se numa aldeia de Natal no final de Novembro, tendo como&hellip;\n","protected":false},"author":2,"featured_media":119140,"comment_status":"","ping_status":"","sticky":false,"template":"","format":"standard","meta":{"footnotes":""},"categories":[144],"tags":[207,205,206,203,201,202,1911,838,315,204,114,115,27732,352,542,419,32,33],"class_list":{"0":"post-119139","1":"post","2":"type-post","3":"status-publish","4":"format-standard","5":"has-post-thumbnail","7":"category-arte-e-design","8":"tag-arte","9":"tag-arte-e-design","10":"tag-artedesign","11":"tag-arts","12":"tag-arts-and-design","13":"tag-artsanddesign","14":"tag-coimbra","15":"tag-criancas","16":"tag-cultura","17":"tag-design","18":"tag-entertainment","19":"tag-entretenimento","20":"tag-fundacao-bissaya-barreto","21":"tag-local","22":"tag-para-redes","23":"tag-patrimonio","24":"tag-portugal","25":"tag-pt"},"share_on_mastodon":{"url":"https:\/\/pubeurope.com\/@pt\/115407755891027611","error":""},"_links":{"self":[{"href":"https:\/\/www.europesays.com\/pt\/wp-json\/wp\/v2\/posts\/119139","targetHints":{"allow":["GET"]}}],"collection":[{"href":"https:\/\/www.europesays.com\/pt\/wp-json\/wp\/v2\/posts"}],"about":[{"href":"https:\/\/www.europesays.com\/pt\/wp-json\/wp\/v2\/types\/post"}],"author":[{"embeddable":true,"href":"https:\/\/www.europesays.com\/pt\/wp-json\/wp\/v2\/users\/2"}],"replies":[{"embeddable":true,"href":"https:\/\/www.europesays.com\/pt\/wp-json\/wp\/v2\/comments?post=119139"}],"version-history":[{"count":0,"href":"https:\/\/www.europesays.com\/pt\/wp-json\/wp\/v2\/posts\/119139\/revisions"}],"wp:featuredmedia":[{"embeddable":true,"href":"https:\/\/www.europesays.com\/pt\/wp-json\/wp\/v2\/media\/119140"}],"wp:attachment":[{"href":"https:\/\/www.europesays.com\/pt\/wp-json\/wp\/v2\/media?parent=119139"}],"wp:term":[{"taxonomy":"category","embeddable":true,"href":"https:\/\/www.europesays.com\/pt\/wp-json\/wp\/v2\/categories?post=119139"},{"taxonomy":"post_tag","embeddable":true,"href":"https:\/\/www.europesays.com\/pt\/wp-json\/wp\/v2\/tags?post=119139"}],"curies":[{"name":"wp","href":"https:\/\/api.w.org\/{rel}","templated":true}]}}