{"id":119143,"date":"2025-10-20T17:52:12","date_gmt":"2025-10-20T17:52:12","guid":{"rendered":"https:\/\/www.europesays.com\/pt\/119143\/"},"modified":"2025-10-20T17:52:12","modified_gmt":"2025-10-20T17:52:12","slug":"the-boy-in-the-iron-box-novo-filme-de-guillermo-del-toro-tem-elenco-divulgado","status":"publish","type":"post","link":"https:\/\/www.europesays.com\/pt\/119143\/","title":{"rendered":"&#8216;The Boy in the Iron Box&#8217;: Novo filme de Guillermo del Toro tem elenco divulgado"},"content":{"rendered":"<p>O longa-metragem de terror <strong>\u2018<a href=\"https:\/\/cinepop.com.br\/tag\/the-boy-in-the-iron-box\/\" title=\"The Boy in the Iron Box\" rel=\"nofollow noopener\" target=\"_blank\">The Boy in the Iron Box<\/a>\u2019<\/strong>, uma produ\u00e7\u00e3o de <strong><a href=\"https:\/\/cinepop.com.br\/tag\/guillermo-del-toro\/\" title=\"Guillermo del Toro\" rel=\"nofollow noopener\" target=\"_blank\">Guillermo del Toro<\/a><\/strong> e <strong><a href=\"https:\/\/cinepop.com.br\/tag\/chuck-hogan\/\" title=\"Chuck Hogan\" rel=\"nofollow noopener\" target=\"_blank\">Chuck Hogan<\/a><\/strong> para a Netflix, acaba de ter seu elenco principal complementado.<\/p>\n<p>Conforme o <a href=\"https:\/\/deadline.com\/2025\/10\/guillermo-del-toro-the-boy-in-the-iron-box-ensemble-cast-1236588877\/\" rel=\"nofollow noopener\" target=\"_blank\">Deadline<\/a>, os atores<strong> Chris Petrovski<\/strong>, <strong>Aksel Hennie<\/strong>, <strong>Arnas Fedaravi\u010dius<\/strong>, <strong>Eugene Prokofiev<\/strong>, <strong>Johannes Haukur Johannesson<\/strong> e <strong>Julian Kostov<\/strong> foram oficialmente integrados \u00e0 produ\u00e7\u00e3o.<\/p>\n<p>Eles se juntam aos nomes j\u00e1 anunciados: <strong><a href=\"https:\/\/cinepop.com.br\/tag\/rupert-friend\/\" title=\"Rupert Friend\" rel=\"nofollow noopener\" target=\"_blank\">Rupert Friend<\/a><\/strong>, <strong>Kevin Durand<\/strong> e <strong>Jaeden Martell.<\/strong><\/p>\n<p>O filme mergulha em uma experi\u00eancia de sobreviv\u00eancia e horror claustrof\u00f3bico:<\/p>\n<p>\u201cVoando sem serem detectados, um avi\u00e3o carregando um grupo de mercen\u00e1rios cai em uma remota montanha nevada. Quando encontram uma fortaleza de pedra em forma de labirinto, percebem que aquilo n\u00e3o \u00e9 um ref\u00fagio contra os lobos nem contra o vento congelante, \u00e9 uma armadilha. O que eles descobrem ali pode parar o cora\u00e7\u00e3o\u2026 ou pior. \u00c0 medida que o terror assume uma nova forma, a verdadeira batalha pela sobreviv\u00eancia come\u00e7a\u201d, diz a sinopse.<\/p>\n<p>O longa \u00e9 dirigido e roteirizado por <strong><a href=\"https:\/\/cinepop.com.br\/tag\/david-prior\/\" title=\"David Prior\" rel=\"nofollow noopener\" target=\"_blank\">David Prior<\/a><\/strong>, que j\u00e1 havia trabalhado com<strong> del Toro<\/strong> no epis\u00f3dio \u201c<a href=\"https:\/\/cinepop.com.br\/tag\/the-autopsy\/\" title=\"The Autopsy\" rel=\"nofollow noopener\" target=\"_blank\">The Autopsy<\/a>\u201d\u00a0da antologia<strong> \u2018O Gabinete de Curiosidades\u2019<\/strong> de<strong> <a href=\"https:\/\/cinepop.com.br\/tag\/guillermo-del-toro\/\" title=\"Guillermo del Toro\" rel=\"nofollow noopener\" target=\"_blank\">Guillermo del Toro<\/a><\/strong> para a Netflix.<\/p>\n<p><strong><a href=\"https:\/\/cinepop.com.br\/tag\/guillermo-del-toro\/\" title=\"Guillermo del Toro\" rel=\"nofollow noopener\" target=\"_blank\">Guillermo del Toro<\/a><\/strong> produz a adapta\u00e7\u00e3o ao lado de <strong><a href=\"https:\/\/cinepop.com.br\/tag\/j-miles-dale\/\" title=\"J. Miles Dale\" rel=\"nofollow noopener\" target=\"_blank\">J. Miles Dale<\/a><\/strong>, seu colaborador de longa data em projetos aclamados como o vencedor do Oscar <strong>\u2018A Forma da \u00c1gua\u2019<\/strong> e o j\u00e1 citado <strong>\u2018Gabinete de Curiosidades\u2019.<\/strong><\/p>\n<p>A produ\u00e7\u00e3o de <strong>\u2018<a href=\"https:\/\/cinepop.com.br\/tag\/the-boy-in-the-iron-box\/\" title=\"The Boy in the Iron Box\" rel=\"nofollow noopener\" target=\"_blank\">The Boy in the Iron Box<\/a>\u2019<\/strong> est\u00e1 prevista para come\u00e7ar em outubro, na cidade de Toronto.<\/p>\n<p>&#8211; Advertisement &#8211;<\/p>\n","protected":false},"excerpt":{"rendered":"O longa-metragem de terror \u2018The Boy in the Iron Box\u2019, uma produ\u00e7\u00e3o de Guillermo del Toro e Chuck&hellip;\n","protected":false},"author":2,"featured_media":119144,"comment_status":"","ping_status":"","sticky":false,"template":"","format":"standard","meta":{"footnotes":""},"categories":[140],"tags":[20863,20864,114,115,147,148,20865,3713,20866,3714,13413,146,18243,32,33,13417,20868,20869,20870],"class_list":{"0":"post-119143","1":"post","2":"type-post","3":"status-publish","4":"format-standard","5":"has-post-thumbnail","7":"category-filmes","8":"tag-chuck-hogan","9":"tag-david-prior","10":"tag-entertainment","11":"tag-entretenimento","12":"tag-film","13":"tag-filmes","14":"tag-frankenstein","15":"tag-guillermo-del-toro","16":"tag-j-miles-dale","17":"tag-jacob-elordi","18":"tag-jurassic-world-recomeco","19":"tag-movies","20":"tag-oscar-isaac","21":"tag-portugal","22":"tag-pt","23":"tag-rupert-friend","24":"tag-the-autopsy","25":"tag-the-boy-in-the-iron-box","26":"tag-the-empty-man"},"share_on_mastodon":{"url":"https:\/\/pubeurope.com\/@pt\/115407771699369304","error":""},"_links":{"self":[{"href":"https:\/\/www.europesays.com\/pt\/wp-json\/wp\/v2\/posts\/119143","targetHints":{"allow":["GET"]}}],"collection":[{"href":"https:\/\/www.europesays.com\/pt\/wp-json\/wp\/v2\/posts"}],"about":[{"href":"https:\/\/www.europesays.com\/pt\/wp-json\/wp\/v2\/types\/post"}],"author":[{"embeddable":true,"href":"https:\/\/www.europesays.com\/pt\/wp-json\/wp\/v2\/users\/2"}],"replies":[{"embeddable":true,"href":"https:\/\/www.europesays.com\/pt\/wp-json\/wp\/v2\/comments?post=119143"}],"version-history":[{"count":0,"href":"https:\/\/www.europesays.com\/pt\/wp-json\/wp\/v2\/posts\/119143\/revisions"}],"wp:featuredmedia":[{"embeddable":true,"href":"https:\/\/www.europesays.com\/pt\/wp-json\/wp\/v2\/media\/119144"}],"wp:attachment":[{"href":"https:\/\/www.europesays.com\/pt\/wp-json\/wp\/v2\/media?parent=119143"}],"wp:term":[{"taxonomy":"category","embeddable":true,"href":"https:\/\/www.europesays.com\/pt\/wp-json\/wp\/v2\/categories?post=119143"},{"taxonomy":"post_tag","embeddable":true,"href":"https:\/\/www.europesays.com\/pt\/wp-json\/wp\/v2\/tags?post=119143"}],"curies":[{"name":"wp","href":"https:\/\/api.w.org\/{rel}","templated":true}]}}