{"id":119195,"date":"2025-10-20T18:40:11","date_gmt":"2025-10-20T18:40:11","guid":{"rendered":"https:\/\/www.europesays.com\/pt\/119195\/"},"modified":"2025-10-20T18:40:11","modified_gmt":"2025-10-20T18:40:11","slug":"escultura-de-bolsonaro-e-comprada-sem-licitacao-por-pm","status":"publish","type":"post","link":"https:\/\/www.europesays.com\/pt\/119195\/","title":{"rendered":"Escultura de Bolsonaro \u00e9 comprada sem licita\u00e7\u00e3o por PM"},"content":{"rendered":"<p>  <img class=\"content-first-image size-full wp-image-2690425\" loading=\"eager\" decoding=\"sync\" fetchpriority=\"high\" src=\"https:\/\/www.europesays.com\/pt\/wp-content\/uploads\/2025\/10\/veja-imagem-do-ex-presidente-jair-bolsonaro-ao-lado-de-escultura-comprada-pela-pm-do-df.jpg\" alt=\"Veja imagem do ex-presidente Jair Bolsonaro ao lado de escultura comprada pela PM do DFFoto: Reprodu\u00e7\u00e3o\/ND Mais\" width=\"1200\" height=\"751\"  \/>Veja imagem do ex-presidente Jair Bolsonaro ao lado de escultura comprada pela PM do DFFoto: Reprodu\u00e7\u00e3o\/ND Mais<\/p>\n<p>A PMDF (Pol\u00edcia Militar do Distrito Federal) comprou, sem licita\u00e7\u00e3o, duas obras de arte do artista Rodrigo Gon\u00e7alves Camacho por R$ 18,6 mil. Entre elas, foi adquirido uma escultura do ex-presidente Jair Bolsonaro (PL) feita de balas de muni\u00e7\u00e3o.<\/p>\n<p>A aquisi\u00e7\u00e3o das obras foi assinada pelo chefe do Departamento de Log\u00edstica e Finan\u00e7as, Marcos Xavier da Silva, e foram destinadas \u00e0 APMB (Academia de Pol\u00edcia Militar de Bras\u00edlia) e \u00e0 Banda de M\u00fasica da corpora\u00e7\u00e3o.<\/p>\n<p>Escultura de Bolsonaro foi comprada sem licita\u00e7\u00e3o<\/p>\n<p>Segundo informa\u00e7\u00f5es da Metr\u00f3poles, a compra foi realizada por inexigibilidade de licita\u00e7\u00e3o, conforme previsto na Lei n.\u00ba 14.133\/2021, o que permite a contra\u00e7\u00e3o direta de profissionais especializados, como escultores ou artistas.<\/p>\n<p><a class=\"cta-discover d-flex justify-content-between align-items-center w-100\" target=\"_blank\" rel=\"nofollow noopner noopener\" href=\"https:\/\/profile.google.com\/cp\/Cg0vZy8xMXZ5cjY4NHho\">   Fa\u00e7a como milh\u00f5es de leitores informados: siga o ND Mais no Google.  Seguir<\/a> <img class=\"size-full wp-image-2690429\" loading=\"lazy\" decoding=\"async\" src=\"https:\/\/www.europesays.com\/pt\/wp-content\/uploads\/2025\/10\/pm-do-df-comprou-escultura-de-bolsonaro-sem-licitacao.jpg\" alt=\"PM do DF comprou escultura de Bolsonaro sem licita\u00e7\u00e3oFoto: Reprodu\u00e7\u00e3o\/ND Mais\" width=\"1200\" height=\"796\"  \/>PM do DF comprou escultura de Bolsonaro sem licita\u00e7\u00e3oFoto: Reprodu\u00e7\u00e3o\/ND Mais<\/p>\n<p><a href=\"https:\/\/portal.pm.df.gov.br\/\" target=\"_blank\" rel=\"noopener nofollow\">O \u00f3rg\u00e3o policial<\/a> justificou que a aquisi\u00e7\u00e3o das obras visa \u201cfortalecer a identidade institucional e valorizar o patrim\u00f4nio hist\u00f3rico-cultural\u201d da corpora\u00e7\u00e3o.<\/p>\n<p>Quadro comprado pela PM faz homenagem ao ex-presidente<\/p>\n<p>As obras de artes foram compradas diretamente com o artista Rodrigo Gon\u00e7alves Camacho, conhecido por produzir artes que fazem homenagem ao<a href=\"https:\/\/ndmais.com.br\/politica\/bolsonaro-esta-morrendo-aos-poucos-ex-ministro-faz-alerta\/\" rel=\"nofollow noopener\" target=\"_blank\"> ex-militar.<\/a><\/p>\n<p><img class=\"wp-image-2690424 size-full\" loading=\"lazy\" decoding=\"async\" src=\"https:\/\/www.europesays.com\/pt\/wp-content\/uploads\/2025\/10\/escultura-de-bolsonaro-foi-comprada-por-mais-de-r-18-mil.jpg\" alt=\"Escultura de Bolsonaro foi comprada por mais de R$ 18 mil\" width=\"1200\" height=\"800\"  \/>Escultura de Bolsonaro foi comprada por mais de R$ 18 milFoto: Reprodu\u00e7\u00e3o\/ND Mais<\/p>\n<p>A escultura de Bolsonaro possui um formato territorial similar ao do Brasil, \u00e9 composto por cartuchos de balas, e conta com o rosto do ex-presidente estampado na parte central da arte.<\/p>\n","protected":false},"excerpt":{"rendered":"Veja imagem do ex-presidente Jair Bolsonaro ao lado de escultura comprada pela PM do DFFoto: Reprodu\u00e7\u00e3o\/ND Mais A&hellip;\n","protected":false},"author":2,"featured_media":119196,"comment_status":"","ping_status":"","sticky":false,"template":"","format":"standard","meta":{"footnotes":""},"categories":[144],"tags":[207,205,206,203,201,202,27739,726,204,114,115,1125,8092,1968,27740,5466,32,33],"class_list":{"0":"post-119195","1":"post","2":"type-post","3":"status-publish","4":"format-standard","5":"has-post-thumbnail","7":"category-arte-e-design","8":"tag-arte","9":"tag-arte-e-design","10":"tag-artedesign","11":"tag-arts","12":"tag-arts-and-design","13":"tag-artsanddesign","14":"tag-braslia-df","15":"tag-brasil","16":"tag-design","17":"tag-entertainment","18":"tag-entretenimento","19":"tag-jair-bolsonaro","20":"tag-nacional-radar","21":"tag-notcia","22":"tag-polcia-militar","23":"tag-poltica","24":"tag-portugal","25":"tag-pt"},"share_on_mastodon":{"url":"https:\/\/pubeurope.com\/@pt\/115407960500951004","error":""},"_links":{"self":[{"href":"https:\/\/www.europesays.com\/pt\/wp-json\/wp\/v2\/posts\/119195","targetHints":{"allow":["GET"]}}],"collection":[{"href":"https:\/\/www.europesays.com\/pt\/wp-json\/wp\/v2\/posts"}],"about":[{"href":"https:\/\/www.europesays.com\/pt\/wp-json\/wp\/v2\/types\/post"}],"author":[{"embeddable":true,"href":"https:\/\/www.europesays.com\/pt\/wp-json\/wp\/v2\/users\/2"}],"replies":[{"embeddable":true,"href":"https:\/\/www.europesays.com\/pt\/wp-json\/wp\/v2\/comments?post=119195"}],"version-history":[{"count":0,"href":"https:\/\/www.europesays.com\/pt\/wp-json\/wp\/v2\/posts\/119195\/revisions"}],"wp:featuredmedia":[{"embeddable":true,"href":"https:\/\/www.europesays.com\/pt\/wp-json\/wp\/v2\/media\/119196"}],"wp:attachment":[{"href":"https:\/\/www.europesays.com\/pt\/wp-json\/wp\/v2\/media?parent=119195"}],"wp:term":[{"taxonomy":"category","embeddable":true,"href":"https:\/\/www.europesays.com\/pt\/wp-json\/wp\/v2\/categories?post=119195"},{"taxonomy":"post_tag","embeddable":true,"href":"https:\/\/www.europesays.com\/pt\/wp-json\/wp\/v2\/tags?post=119195"}],"curies":[{"name":"wp","href":"https:\/\/api.w.org\/{rel}","templated":true}]}}