{"id":119214,"date":"2025-10-20T19:00:11","date_gmt":"2025-10-20T19:00:11","guid":{"rendered":"https:\/\/www.europesays.com\/pt\/119214\/"},"modified":"2025-10-20T19:00:11","modified_gmt":"2025-10-20T19:00:11","slug":"forelegal-lanca-4a-edicao-do-e-book-sobre-gestao-juridica-inovadora","status":"publish","type":"post","link":"https:\/\/www.europesays.com\/pt\/119214\/","title":{"rendered":"ForeLegal lan\u00e7a 4\u00aa edi\u00e7\u00e3o do e-book sobre gest\u00e3o jur\u00eddica inovadora"},"content":{"rendered":"<p>Durante o Brazil&#8217;s Leading Lawyers Awards 2025, promovido pela Leaders League Brasil, a <strong>ForeLegal<\/strong> apresentou a 4\u00aa edi\u00e7\u00e3o do seu e-book &#8220;<a href=\"https:\/\/www.forelegal.com.br\/e-book-os-novos-paradigmas-da-gestao-juridica\" target=\"_blank\" rel=\"nofollow noopener\">Os Novos Paradigmas da Gest\u00e3o Jur\u00eddica<\/a>&#8220;, um projeto que j\u00e1 se consolidou como refer\u00eancia em efici\u00eancia e transforma\u00e7\u00e3o no setor jur\u00eddico.<\/p>\n<p>O lan\u00e7amento, realizado em 16\/10, marcou mais um cap\u00edtulo na trajet\u00f3ria da ForeLegal em seu prop\u00f3sito de repensar a forma como escrit\u00f3rios e departamentos jur\u00eddicos operam, inovam e crescem de maneira sustent\u00e1vel. Exemplares impressos foram entregues com exclusividade aos convidados do evento.<\/p>\n<p>Nesta edi\u00e7\u00e3o, o e-book aprofunda a rela\u00e7\u00e3o entre legal operations, IA e business development orientado por dados, evidenciando como a integra\u00e7\u00e3o entre esses pilares redefine a governan\u00e7a e impulsiona o desempenho estrat\u00e9gico de organiza\u00e7\u00f5es e sociedades de advocacia.<\/p>\n<p style=\"text-align: center;\"><img decoding=\"async\" alt=\" (Imagem: Divulga\u00e7\u00e3o )\" title=\"O e-book mostra como legal ops, IA e dados impulsionam estrat\u00e9gia e governan\u00e7a jur\u00eddica.\" width=\"1000\" height=\"872\" loading=\"lazy\" src=\"https:\/\/www.europesays.com\/pt\/wp-content\/uploads\/2025\/10\/1760986810_627_https__img.migalhas.com.br__SL__gf_base__SL__empresas__SL__MIGA__SL__imagens__SL__2025__SL__10__SL__.png\"\/> <\/p>\n<p>O e-book mostra como legal ops, IA e dados impulsionam estrat\u00e9gia e governan\u00e7a jur\u00eddica.(Imagem: Divulga\u00e7\u00e3o )<\/p>\n<p>A abordagem parte de uma metodologia desenvolvida e continuamente aprimorada pela ForeLegal, que equilibra duas dimens\u00f5es fundamentais: a gest\u00e3o interna do neg\u00f3cio jur\u00eddico &#8211; voltada \u00e0 efici\u00eancia operacional, governan\u00e7a e cultura organizacional &#8211; e a gest\u00e3o da performance do servi\u00e7o prestado, baseada em m\u00e9tricas, resultados e experi\u00eancia do cliente.<\/p>\n<p>Criado em 2022, o projeto nasceu com o prop\u00f3sito de compartilhar conhecimento aplicado e hist\u00f3rias reais de transforma\u00e7\u00e3o. Nesta 4\u00aa edi\u00e7\u00e3o, os escrit\u00f3rios Silveira, Athias, Soriano de Mello, Bentes, Lobato &amp; Scaff &#8211; Advogados, Martorelli Advogados e Senise Paiva revelam suas jornadas de inova\u00e7\u00e3o e como novas pr\u00e1ticas v\u00eam impactando suas estruturas, processos e resultados.<\/p>\n<p>Com apoio institucional do <strong>CESA<\/strong>, <strong>FGV Direito SP<\/strong>, Leaders League Brasil e Migalhas, a publica\u00e7\u00e3o refor\u00e7a o compromisso coletivo de fortalecer a maturidade tecnol\u00f3gica e a mentalidade de inova\u00e7\u00e3o no ecossistema jur\u00eddico.<\/p>\n<p>A vers\u00e3o digital da 4\u00aa edi\u00e7\u00e3o j\u00e1 est\u00e1 dispon\u00edvel <a href=\"https:\/\/www.forelegal.com.br\/e-book-os-novos-paradigmas-da-gestao-juridica\" target=\"_blank\" rel=\"nofollow noopener\">aqui<\/a> para download.\u00a0<\/p>\n<p><a href=\"https:\/\/s.migalhas.com.br\/S\/FC4FFC\" target=\"_blank\" rel=\"nofollow noopener\"><img decoding=\"async\" alt=\"ForeLegal Tecnologia\" width=\"160\" height=\"90\" loading=\"lazy\" src=\"https:\/\/www.europesays.com\/pt\/wp-content\/uploads\/2025\/10\/AC5115.jpeg\" style=\"float: right;\"\/><\/a><\/p>\n","protected":false},"excerpt":{"rendered":"Durante o Brazil&#8217;s Leading Lawyers Awards 2025, promovido pela Leaders League Brasil, a ForeLegal apresentou a 4\u00aa edi\u00e7\u00e3o&hellip;\n","protected":false},"author":2,"featured_media":119215,"comment_status":"","ping_status":"","sticky":false,"template":"","format":"standard","meta":{"footnotes":""},"categories":[143],"tags":[27743,169,5724,9029,872,114,115,27744,27745,2172,27746,170,32,33,110,27747],"class_list":{"0":"post-119214","1":"post","2":"type-post","3":"status-publish","4":"format-standard","5":"has-post-thumbnail","7":"category-livros","8":"tag-advocacia","9":"tag-books","10":"tag-capacitacao","11":"tag-direito","12":"tag-e-book","13":"tag-entertainment","14":"tag-entretenimento","15":"tag-forelegal","16":"tag-gestao-juridica","17":"tag-inovacao","18":"tag-inovadora","19":"tag-livros","20":"tag-portugal","21":"tag-pt","22":"tag-tecnologia","23":"tag-transformacao-digital"},"share_on_mastodon":{"url":"https:\/\/pubeurope.com\/@pt\/115408039845010633","error":""},"_links":{"self":[{"href":"https:\/\/www.europesays.com\/pt\/wp-json\/wp\/v2\/posts\/119214","targetHints":{"allow":["GET"]}}],"collection":[{"href":"https:\/\/www.europesays.com\/pt\/wp-json\/wp\/v2\/posts"}],"about":[{"href":"https:\/\/www.europesays.com\/pt\/wp-json\/wp\/v2\/types\/post"}],"author":[{"embeddable":true,"href":"https:\/\/www.europesays.com\/pt\/wp-json\/wp\/v2\/users\/2"}],"replies":[{"embeddable":true,"href":"https:\/\/www.europesays.com\/pt\/wp-json\/wp\/v2\/comments?post=119214"}],"version-history":[{"count":0,"href":"https:\/\/www.europesays.com\/pt\/wp-json\/wp\/v2\/posts\/119214\/revisions"}],"wp:featuredmedia":[{"embeddable":true,"href":"https:\/\/www.europesays.com\/pt\/wp-json\/wp\/v2\/media\/119215"}],"wp:attachment":[{"href":"https:\/\/www.europesays.com\/pt\/wp-json\/wp\/v2\/media?parent=119214"}],"wp:term":[{"taxonomy":"category","embeddable":true,"href":"https:\/\/www.europesays.com\/pt\/wp-json\/wp\/v2\/categories?post=119214"},{"taxonomy":"post_tag","embeddable":true,"href":"https:\/\/www.europesays.com\/pt\/wp-json\/wp\/v2\/tags?post=119214"}],"curies":[{"name":"wp","href":"https:\/\/api.w.org\/{rel}","templated":true}]}}