{"id":119269,"date":"2025-10-20T19:47:12","date_gmt":"2025-10-20T19:47:12","guid":{"rendered":"https:\/\/www.europesays.com\/pt\/119269\/"},"modified":"2025-10-20T19:47:12","modified_gmt":"2025-10-20T19:47:12","slug":"diretora-do-sepe-beatriz-lugao-lanca-livro-sobre-os-jovens-da-geracao-nem-nem-sepe","status":"publish","type":"post","link":"https:\/\/www.europesays.com\/pt\/119269\/","title":{"rendered":"Diretora do Sepe Beatriz Lug\u00e3o lan\u00e7a livro sobre os jovens da gera\u00e7\u00e3o \u2018nem-nem\u2019 \u2013 Sepe"},"content":{"rendered":"<p>    <a href=\"https:\/\/seperj.org.br\/category\/destaque-home\/\" title=\"destaque-home\" rel=\"nofollow noopener\" target=\"_blank\">destaque-home<\/a>, <a href=\"https:\/\/seperj.org.br\/category\/todas\/\" title=\"Todas\" rel=\"nofollow noopener\" target=\"_blank\">Todas<\/a><\/p>\n<p class=\"post-date\">\n<p>   20 de outubro de 2025\t<\/p>\n<p data-start=\"251\" data-end=\"610\"><img fetchpriority=\"high\" decoding=\"async\" class=\"alignleft  wp-image-46048\" src=\"https:\/\/www.europesays.com\/pt\/wp-content\/uploads\/2025\/10\/Imagem-do-WhatsApp-de-2025-10-20-as-15.07.40_4eb3ac3d-297x300.jpg\" alt=\"\" width=\"370\" height=\"374\"  \/>A diretora do Sepe Central, professora Maria Beatriz Lug\u00e3o Rios, lan\u00e7ar\u00e1 pela editora Mercado de Letras o livro \u201cJovens sem trabalho e sem escola: entre o Juvenic\u00eddio e a esperan\u00e7a\u201d. O evento de lan\u00e7amento acontece nesta segunda-feira (20\/10), \u00e0s 19h, na Blooks Livraria, localizada na Praia de Botafogo, 316, no Bellas Artes Botafogo.<\/p>\n<p data-start=\"612\" data-end=\"999\">Segundo a professora Sonia Maria Rummert, colaboradora do Programa de P\u00f3s-Gradua\u00e7\u00e3o em Educa\u00e7\u00e3o da UFF, a obra \u201cbusca compreender a complexa estrat\u00e9gia de sobreviv\u00eancia dos jovens que integram as fra\u00e7\u00f5es da classe trabalhadora brasileira expropriadas de direitos. (\u2026) Os indevidamente denominados \u2018nem-nem\u2019 nos s\u00e3o apresentados aqui a partir das contradi\u00e7\u00f5es de nossa sociedade\u201d.<\/p>\n<p data-start=\"1001\" data-end=\"1367\">Rummert tamb\u00e9m afirma tratar-se \u201cde um livro indispens\u00e1vel a todas as pessoas que pretendem compreender os processos discriminat\u00f3rios e contribuir para a transforma\u00e7\u00e3o das condi\u00e7\u00f5es estruturais que geram interdi\u00e7\u00f5es ao direito a uma vida individual e coletiva digna e socialmente fecunda para os jovens aos quais s\u00e3o cotidianamente roubados o presente e o futuro\u201d.<\/p>\n<p data-start=\"1369\" data-end=\"1771\">Beatriz Lug\u00e3o \u00e9 professora aposentada da rede estadual de educa\u00e7\u00e3o do Rio de Janeiro, formada em Educa\u00e7\u00e3o Art\u00edstica (Artes Pl\u00e1sticas) pela UFRJ, mestre em Educa\u00e7\u00e3o pela UFF e doutora pelo programa Processos Formativos e Desigualdades Sociais da FFP\/UERJ. Integra o grupo de pesquisas Pol\u00edticas P\u00fablicas e Educa\u00e7\u00e3o de Jovens e Adultos da Classe Trabalhadora (PPEJAT).<\/p>\n<p data-start=\"1773\" data-end=\"1829\"><a href=\"https:\/\/mercado-de-letras.com.br\/produto\/jovens-sem-trabalho-e-sem-escola-entre-o-juvenicidio-e-a-esperanca\/\" target=\"_blank\" rel=\"noopener nofollow\">O livro pode ser adquirido no site da pr\u00f3pria editora.<\/a><\/p>\n<p class=\"post-tags\">\n    Tags:<a href=\"https:\/\/seperj.org.br\/tag\/beatriz-lugao\/\" rel=\"tag nofollow noopener\" target=\"_blank\">Beatriz Lug\u00e3o<\/a>, <a href=\"https:\/\/seperj.org.br\/tag\/lancamento-de-livro\/\" rel=\"tag nofollow noopener\" target=\"_blank\">lan\u00e7amento de livro<\/a><\/p>\n<p>\t<a href=\"https:\/\/seperj.org.br\/sindicalizacao\/\" target=\"_blank\" rel=\"nofollow noopener\"><\/p>\n<p>        \t<img decoding=\"async\" src=\"https:\/\/www.europesays.com\/pt\/wp-content\/uploads\/2025\/10\/bannerSindicalizeanimado.gif\" alt=\"Banner\" style=\"--smush-placeholder-width: 1575px; --smush-placeholder-aspect-ratio: 1575\/312;width: 100%;\" class=\"lazyload\"\/><\/p>\n<p>\t<\/a><\/p>\n<p>!function(f,b,e,v,n,t,s)<br \/>\n{if(f.fbq)return;n=f.fbq=function(){n.callMethod?<br \/>\nn.callMethod.apply(n,arguments):n.queue.push(arguments)};<br \/>\nif(!f._fbq)f._fbq=n;n.push=n;n.loaded=!0;n.version=&#8217;2.0&#8242;;<br \/>\nn.queue=[];t=b.createElement(e);t.async=!0;<br \/>\nt.src=v;s=b.getElementsByTagName(e)[0];<br \/>\ns.parentNode.insertBefore(t,s)}(window, document,&#8217;script&#8217;,<br \/>\n&#8216;https:\/\/connect.facebook.net\/en_US\/fbevents.js&#8217;);<br \/>\nfbq(&#8216;init&#8217;, &#8216;1370143300334219&#8217;);<br \/>\nfbq(&#8216;track&#8217;, &#8216;PageView&#8217;);<\/p>\n","protected":false},"excerpt":{"rendered":"destaque-home, Todas 20 de outubro de 2025 A diretora do Sepe Central, professora Maria Beatriz Lug\u00e3o Rios, lan\u00e7ar\u00e1&hellip;\n","protected":false},"author":2,"featured_media":119270,"comment_status":"","ping_status":"","sticky":false,"template":"","format":"standard","meta":{"footnotes":""},"categories":[143],"tags":[169,114,115,170,32,33],"class_list":{"0":"post-119269","1":"post","2":"type-post","3":"status-publish","4":"format-standard","5":"has-post-thumbnail","7":"category-livros","8":"tag-books","9":"tag-entertainment","10":"tag-entretenimento","11":"tag-livros","12":"tag-portugal","13":"tag-pt"},"share_on_mastodon":{"url":"https:\/\/pubeurope.com\/@pt\/115408224076497478","error":""},"_links":{"self":[{"href":"https:\/\/www.europesays.com\/pt\/wp-json\/wp\/v2\/posts\/119269","targetHints":{"allow":["GET"]}}],"collection":[{"href":"https:\/\/www.europesays.com\/pt\/wp-json\/wp\/v2\/posts"}],"about":[{"href":"https:\/\/www.europesays.com\/pt\/wp-json\/wp\/v2\/types\/post"}],"author":[{"embeddable":true,"href":"https:\/\/www.europesays.com\/pt\/wp-json\/wp\/v2\/users\/2"}],"replies":[{"embeddable":true,"href":"https:\/\/www.europesays.com\/pt\/wp-json\/wp\/v2\/comments?post=119269"}],"version-history":[{"count":0,"href":"https:\/\/www.europesays.com\/pt\/wp-json\/wp\/v2\/posts\/119269\/revisions"}],"wp:featuredmedia":[{"embeddable":true,"href":"https:\/\/www.europesays.com\/pt\/wp-json\/wp\/v2\/media\/119270"}],"wp:attachment":[{"href":"https:\/\/www.europesays.com\/pt\/wp-json\/wp\/v2\/media?parent=119269"}],"wp:term":[{"taxonomy":"category","embeddable":true,"href":"https:\/\/www.europesays.com\/pt\/wp-json\/wp\/v2\/categories?post=119269"},{"taxonomy":"post_tag","embeddable":true,"href":"https:\/\/www.europesays.com\/pt\/wp-json\/wp\/v2\/tags?post=119269"}],"curies":[{"name":"wp","href":"https:\/\/api.w.org\/{rel}","templated":true}]}}